{"id":9802,"date":"2025-07-08T16:58:34","date_gmt":"2025-07-08T19:58:34","guid":{"rendered":"https:\/\/fundacoesufpel.com.br\/fdms\/?p=9802"},"modified":"2025-07-08T17:02:32","modified_gmt":"2025-07-08T20:02:32","slug":"fdms-lanca-guia-de-eventos-para-apoiar-a-organizacao-de-atividades-academicas","status":"publish","type":"post","link":"https:\/\/fundacoesufpel.com.br\/fdms\/2025\/07\/08\/fdms-lanca-guia-de-eventos-para-apoiar-a-organizacao-de-atividades-academicas\/","title":{"rendered":"FDMS lan\u00e7a Guia de Eventos para apoiar a organiza\u00e7\u00e3o de atividades acad\u00eamicas"},"content":{"rendered":"\n<p><\/p>\n\n\n\n<p>A Funda\u00e7\u00e3o Delfim Mendes Silveira (FDMS) disponibilizou um <strong>Guia de Eventos<\/strong> voltado a docentes, coordenadores e demais organizadores interessados em realizar eventos com qualidade, efici\u00eancia e o suporte de uma equipe experiente.<\/p>\n\n\n\n<p>A publica\u00e7\u00e3o re\u00fane as principais informa\u00e7\u00f5es sobre os servi\u00e7os oferecidos pela Funda\u00e7\u00e3o em diferentes etapas do planejamento e execu\u00e7\u00e3o de eventos, incluindo apoio em <strong>log\u00edstica, infraestrutura t\u00e9cnica, comunica\u00e7\u00e3o, identidade visual, capta\u00e7\u00e3o de recursos e intermedia\u00e7\u00e3o institucional<\/strong>. O guia contempla desde congressos, simp\u00f3sios e semin\u00e1rios at\u00e9 oficinas, cursos e outras iniciativas acad\u00eamicas e cient\u00edficas. O objetivo \u00e9 facilitar a organiza\u00e7\u00e3o e fortalecer as parcerias com as institui\u00e7\u00f5es de ensino e pesquisa.<\/p>\n\n\n\n<p>Acesse o Guia de Eventos FDMS completo abaixo:<\/p>\n\n\n\n<div data-wp-interactive=\"core\/file\" class=\"wp-block-file\"><object data-wp-bind--hidden=\"!state.hasPdfPreview\" hidden class=\"wp-block-file__embed\" data=\"https:\/\/fundacoesufpel.com.br\/fdms\/wp-content\/uploads\/sites\/3\/2025\/07\/Guia-de-Eventos-FDMS.pdf\" type=\"application\/pdf\" style=\"width:100%;height:600px\" aria-label=\"Incorporado de Guia de Eventos - FDMS.\"><\/object><a id=\"wp-block-file--media-32d54daa-0899-41d5-8dbe-4b146716f1dd\" href=\"https:\/\/fundacoesufpel.com.br\/fdms\/wp-content\/uploads\/sites\/3\/2025\/07\/Guia-de-Eventos-FDMS.pdf\">Guia de Eventos &#8211; FDMS<\/a><a href=\"https:\/\/fundacoesufpel.com.br\/fdms\/wp-content\/uploads\/sites\/3\/2025\/07\/Guia-de-Eventos-FDMS.pdf\" class=\"wp-block-file__button wp-element-button\" download aria-describedby=\"wp-block-file--media-32d54daa-0899-41d5-8dbe-4b146716f1dd\">Baixar<\/a><\/div>\n\n\n\n<p><\/p>\n\n\n\n<p>Em caso de d\u00favidas ou para conversar sobre o planejamento de um evento, a equipe da Funda\u00e7\u00e3o est\u00e1 \u00e0 disposi\u00e7\u00e3o para prestar esclarecimentos e orientar sobre os pr\u00f3ximos passos.<\/p>\n","protected":false},"excerpt":{"rendered":"<p>A Funda\u00e7\u00e3o Delfim Mendes Silveira (FDMS) disponibilizou um Guia de Eventos voltado a docentes, coordenadores e demais organizadores interessados em [&hellip;]<\/p>\n","protected":false},"author":19,"featured_media":0,"comment_status":"closed","ping_status":"closed","sticky":false,"template":"","format":"standard","meta":{"jetpack_post_was_ever_published":false,"_jetpack_newsletter_access":"","_jetpack_dont_email_post_to_subs":true,"_jetpack_newsletter_tier_id":0,"_jetpack_memberships_contains_paywalled_content":false,"_jetpack_memberships_contains_paid_content":false,"footnotes":""},"categories":[54,68,1],"tags":[86],"class_list":["post-9802","post","type-post","status-publish","format-standard","hentry","category-noticias","category-noticias-destacadas","category-sem-categoria","tag-noticia"],"jetpack_featured_media_url":"","jetpack_sharing_enabled":true,"jetpack_likes_enabled":true,"jetpack-related-posts":[{"id":10968,"url":"https:\/\/fundacoesufpel.com.br\/fdms\/2026\/03\/19\/fundacao-divulga-novos-criterios-para-apoio-a-projetos-e-eventos-em-2026\/","url_meta":{"origin":9802,"position":0},"title":"Funda\u00e7\u00e3o Divulga Novos Crit\u00e9rios para Apoio a Projetos e Eventos em 2026","author":"leandrojunior","date":"19\/03\/2026","format":false,"excerpt":"A Funda\u00e7\u00e3o Delfim Mendes Silveira (FDMS) torna p\u00fablico o novo regulamento para concess\u00e3o de apoio financeiro a projetos e eventos realizados por suas institui\u00e7\u00f5es apoiadas. As a\u00e7\u00f5es fazem parte do compromisso da Funda\u00e7\u00e3o em fomentar o desenvolvimento acad\u00eamico, cient\u00edfico e institucional por meio de recursos estruturados e acess\u00edveis. 1 -\u2026","rel":"","context":"Em &quot;Not\u00edcias&quot;","block_context":{"text":"Not\u00edcias","link":"https:\/\/fundacoesufpel.com.br\/fdms\/category\/noticias\/"},"img":{"alt_text":"","src":"","width":0,"height":0},"classes":[]},{"id":9496,"url":"https:\/\/fundacoesufpel.com.br\/fdms\/2025\/05\/13\/fundacao-divulga-novos-criterios-para-apoio-a-projetos-e-eventos-em-2025\/","url_meta":{"origin":9802,"position":1},"title":"Funda\u00e7\u00e3o Divulga Novos Crit\u00e9rios para Apoio a Projetos e Eventos em 2025","author":"leandrojunior","date":"13\/05\/2025","format":false,"excerpt":"A Funda\u00e7\u00e3o Delfim Mendes Silveira (FDMS) torna p\u00fablico o novo regulamento para concess\u00e3o de apoio financeiro a projetos e eventos realizados por suas institui\u00e7\u00f5es apoiadas. As a\u00e7\u00f5es fazem parte do compromisso da Funda\u00e7\u00e3o em fomentar o desenvolvimento acad\u00eamico, cient\u00edfico e institucional por meio de recursos estruturados e acess\u00edveis. 1 -\u2026","rel":"","context":"Em &quot;Not\u00edcias&quot;","block_context":{"text":"Not\u00edcias","link":"https:\/\/fundacoesufpel.com.br\/fdms\/category\/noticias\/"},"img":{"alt_text":"","src":"","width":0,"height":0},"classes":[]},{"id":9433,"url":"https:\/\/fundacoesufpel.com.br\/fdms\/2025\/04\/25\/fundacao-participa-do-encontro-nacional-do-colegio-de-procuradores-do-confies-2025-em-salvador\/","url_meta":{"origin":9802,"position":2},"title":"Funda\u00e7\u00e3o participa do Encontro Nacional do Col\u00e9gio de Procuradores do CONFIES 2025 em Salvador","author":"leandrojunior","date":"25\/04\/2025","format":false,"excerpt":"Nos dias 16 e 17 de abril de 2025, foi realizada a edi\u00e7\u00e3o anual do Encontro Nacional do Col\u00e9gio de Procuradores do CONFIES \u2013 Conselho Nacional das Funda\u00e7\u00f5es de Apoio. A Funda\u00e7\u00e3o Delfim Mendes Silveira - FDMS esteve representada no evento por Guilherme Goldani, respons\u00e1vel pelo nosso setor jur\u00eddico. Nesta\u2026","rel":"","context":"Em &quot;Not\u00edcias&quot;","block_context":{"text":"Not\u00edcias","link":"https:\/\/fundacoesufpel.com.br\/fdms\/category\/noticias\/"},"img":{"alt_text":"","src":"https:\/\/i0.wp.com\/fundacoesufpel.com.br\/fdms\/wp-content\/uploads\/sites\/3\/2025\/04\/WhatsApp-Image-2025-04-24-at-17.15.53-1-2.jpeg?fit=1066%2C1200&ssl=1&resize=350%2C200","width":350,"height":200,"srcset":"https:\/\/i0.wp.com\/fundacoesufpel.com.br\/fdms\/wp-content\/uploads\/sites\/3\/2025\/04\/WhatsApp-Image-2025-04-24-at-17.15.53-1-2.jpeg?fit=1066%2C1200&ssl=1&resize=350%2C200 1x, https:\/\/i0.wp.com\/fundacoesufpel.com.br\/fdms\/wp-content\/uploads\/sites\/3\/2025\/04\/WhatsApp-Image-2025-04-24-at-17.15.53-1-2.jpeg?fit=1066%2C1200&ssl=1&resize=525%2C300 1.5x, https:\/\/i0.wp.com\/fundacoesufpel.com.br\/fdms\/wp-content\/uploads\/sites\/3\/2025\/04\/WhatsApp-Image-2025-04-24-at-17.15.53-1-2.jpeg?fit=1066%2C1200&ssl=1&resize=700%2C400 2x, https:\/\/i0.wp.com\/fundacoesufpel.com.br\/fdms\/wp-content\/uploads\/sites\/3\/2025\/04\/WhatsApp-Image-2025-04-24-at-17.15.53-1-2.jpeg?fit=1066%2C1200&ssl=1&resize=1050%2C600 3x"},"classes":[]},{"id":8680,"url":"https:\/\/fundacoesufpel.com.br\/fdms\/2024\/09\/12\/fundacao-apoiou-exposicao-fotografica-sobre-a-restauracao-das-obras-vandalizadas-em-8-de-janeiro\/","url_meta":{"origin":9802,"position":3},"title":"Funda\u00e7\u00e3o Apoiou Exposi\u00e7\u00e3o Fotogr\u00e1fica Sobre a Restaura\u00e7\u00e3o das Obras Vandalizadas em 8 de Janeiro","author":"leandrojunior","date":"12\/09\/2024","format":false,"excerpt":"Nos dias 27, 28 e 29 de agosto, ocorreu na sede do Instituto do Patrim\u00f4nio Hist\u00f3rico e Art\u00edstico Nacional (IPHAN), em Bras\u00edlia, o evento intitulado \u201c8 de Janeiro: Di\u00e1logos sobre Conserva\u00e7\u00e3o, Restaura\u00e7\u00e3o, Patrim\u00f4nio e Democracia\u201d. O evento foi organizado pelo IPHAN e pela Universidade Federal de Pelotas (UFPel). Foram apresentadas\u2026","rel":"","context":"Em &quot;2024&quot;","block_context":{"text":"2024","link":"https:\/\/fundacoesufpel.com.br\/fdms\/category\/avisos-processos-selecao-publica-licitatorios\/2024\/"},"img":{"alt_text":"","src":"https:\/\/i0.wp.com\/fundacoesufpel.com.br\/fdms\/wp-content\/uploads\/sites\/3\/2024\/09\/IMG-20240830-WA0231.jpg?fit=1200%2C800&ssl=1&resize=350%2C200","width":350,"height":200,"srcset":"https:\/\/i0.wp.com\/fundacoesufpel.com.br\/fdms\/wp-content\/uploads\/sites\/3\/2024\/09\/IMG-20240830-WA0231.jpg?fit=1200%2C800&ssl=1&resize=350%2C200 1x, https:\/\/i0.wp.com\/fundacoesufpel.com.br\/fdms\/wp-content\/uploads\/sites\/3\/2024\/09\/IMG-20240830-WA0231.jpg?fit=1200%2C800&ssl=1&resize=525%2C300 1.5x, https:\/\/i0.wp.com\/fundacoesufpel.com.br\/fdms\/wp-content\/uploads\/sites\/3\/2024\/09\/IMG-20240830-WA0231.jpg?fit=1200%2C800&ssl=1&resize=700%2C400 2x, https:\/\/i0.wp.com\/fundacoesufpel.com.br\/fdms\/wp-content\/uploads\/sites\/3\/2024\/09\/IMG-20240830-WA0231.jpg?fit=1200%2C800&ssl=1&resize=1050%2C600 3x"},"classes":[]},{"id":6820,"url":"https:\/\/fundacoesufpel.com.br\/fdms\/2022\/12\/09\/fundacao-delfim-mendes-silveira-participa-do-10o-forum-das-agrarias\/","url_meta":{"origin":9802,"position":4},"title":"Funda\u00e7\u00e3o Delfim Mendes Silveira participa do 10\u00ba F\u00f3rum das Agr\u00e1rias","author":"","date":"09\/12\/2022","format":false,"excerpt":"Na manh\u00e3 do dia 08\/12, quinta-feira, a Funda\u00e7\u00e3o Delfim Mendes Silveira participou do 10\u00ba F\u00f3rum das Agr\u00e1rias, organizado pela UNIPAMPA. Durante o evento, o Diretor Presidente apresentou o curso \u201cFormas de Captar Recursos e Executar Projetos via Funda\u00e7\u00e3o de Apoio\u201d. A FDMS tem muita alegria e satisfa\u00e7\u00e3o em poder apoiar\u2026","rel":"","context":"Em &quot;Not\u00edcias&quot;","block_context":{"text":"Not\u00edcias","link":"https:\/\/fundacoesufpel.com.br\/fdms\/category\/noticias\/"},"img":{"alt_text":"","src":"https:\/\/i0.wp.com\/fundacoesufpel.com.br\/fdms\/wp-content\/uploads\/sites\/3\/2022\/12\/Logo_logotipo_unipampa_cor-scaled.jpg?resize=350%2C200&ssl=1","width":350,"height":200,"srcset":"https:\/\/i0.wp.com\/fundacoesufpel.com.br\/fdms\/wp-content\/uploads\/sites\/3\/2022\/12\/Logo_logotipo_unipampa_cor-scaled.jpg?resize=350%2C200&ssl=1 1x, https:\/\/i0.wp.com\/fundacoesufpel.com.br\/fdms\/wp-content\/uploads\/sites\/3\/2022\/12\/Logo_logotipo_unipampa_cor-scaled.jpg?resize=525%2C300&ssl=1 1.5x, https:\/\/i0.wp.com\/fundacoesufpel.com.br\/fdms\/wp-content\/uploads\/sites\/3\/2022\/12\/Logo_logotipo_unipampa_cor-scaled.jpg?resize=700%2C400&ssl=1 2x, https:\/\/i0.wp.com\/fundacoesufpel.com.br\/fdms\/wp-content\/uploads\/sites\/3\/2022\/12\/Logo_logotipo_unipampa_cor-scaled.jpg?resize=1050%2C600&ssl=1 3x, https:\/\/i0.wp.com\/fundacoesufpel.com.br\/fdms\/wp-content\/uploads\/sites\/3\/2022\/12\/Logo_logotipo_unipampa_cor-scaled.jpg?resize=1400%2C800&ssl=1 4x"},"classes":[]},{"id":10945,"url":"https:\/\/fundacoesufpel.com.br\/fdms\/2026\/03\/16\/seminario-sobre-marco-legal-de-protecao-dos-conhecimentos-tradicionais-ocorre-em-porto-alegre\/","url_meta":{"origin":9802,"position":5},"title":"Semin\u00e1rio sobre Marco Legal de Prote\u00e7\u00e3o dos Conhecimentos Tradicionais ocorre em Porto Alegre","author":"leandrojunior","date":"16\/03\/2026","format":false,"excerpt":"Entre os dias 16 e 19 de mar\u00e7o de 2026, ocorre em Porto Alegre o Semin\u00e1rio do Marco Legal de Prote\u00e7\u00e3o dos Conhecimentos Tradicionais, das Express\u00f5es Culturais Tradicionais e das Culturas Populares. O evento \u00e9 organizado pelo Minist\u00e9rio da Cultura, em parceria com a Universidade Federal de Pelotas, e conta\u2026","rel":"","context":"Em &quot;Eventos Realizados&quot;","block_context":{"text":"Eventos Realizados","link":"https:\/\/fundacoesufpel.com.br\/fdms\/category\/cursos-e-eventos\/eventos-realizados\/"},"img":{"alt_text":"","src":"https:\/\/i0.wp.com\/fundacoesufpel.com.br\/fdms\/wp-content\/uploads\/sites\/3\/2026\/03\/WhatsApp-Image-2026-03-16-at-11.02.06-e1773692588553.jpeg?fit=1200%2C578&ssl=1&resize=350%2C200","width":350,"height":200,"srcset":"https:\/\/i0.wp.com\/fundacoesufpel.com.br\/fdms\/wp-content\/uploads\/sites\/3\/2026\/03\/WhatsApp-Image-2026-03-16-at-11.02.06-e1773692588553.jpeg?fit=1200%2C578&ssl=1&resize=350%2C200 1x, https:\/\/i0.wp.com\/fundacoesufpel.com.br\/fdms\/wp-content\/uploads\/sites\/3\/2026\/03\/WhatsApp-Image-2026-03-16-at-11.02.06-e1773692588553.jpeg?fit=1200%2C578&ssl=1&resize=525%2C300 1.5x, https:\/\/i0.wp.com\/fundacoesufpel.com.br\/fdms\/wp-content\/uploads\/sites\/3\/2026\/03\/WhatsApp-Image-2026-03-16-at-11.02.06-e1773692588553.jpeg?fit=1200%2C578&ssl=1&resize=700%2C400 2x, https:\/\/i0.wp.com\/fundacoesufpel.com.br\/fdms\/wp-content\/uploads\/sites\/3\/2026\/03\/WhatsApp-Image-2026-03-16-at-11.02.06-e1773692588553.jpeg?fit=1200%2C578&ssl=1&resize=1050%2C600 3x"},"classes":[]}],"jetpack_shortlink":"https:\/\/wp.me\/pcrDaD-2y6","_links":{"self":[{"href":"https:\/\/fundacoesufpel.com.br\/fdms\/wp-json\/wp\/v2\/posts\/9802","targetHints":{"allow":["GET"]}}],"collection":[{"href":"https:\/\/fundacoesufpel.com.br\/fdms\/wp-json\/wp\/v2\/posts"}],"about":[{"href":"https:\/\/fundacoesufpel.com.br\/fdms\/wp-json\/wp\/v2\/types\/post"}],"author":[{"embeddable":true,"href":"https:\/\/fundacoesufpel.com.br\/fdms\/wp-json\/wp\/v2\/users\/19"}],"replies":[{"embeddable":true,"href":"https:\/\/fundacoesufpel.com.br\/fdms\/wp-json\/wp\/v2\/comments?post=9802"}],"version-history":[{"count":2,"href":"https:\/\/fundacoesufpel.com.br\/fdms\/wp-json\/wp\/v2\/posts\/9802\/revisions"}],"predecessor-version":[{"id":9810,"href":"https:\/\/fundacoesufpel.com.br\/fdms\/wp-json\/wp\/v2\/posts\/9802\/revisions\/9810"}],"wp:attachment":[{"href":"https:\/\/fundacoesufpel.com.br\/fdms\/wp-json\/wp\/v2\/media?parent=9802"}],"wp:term":[{"taxonomy":"category","embeddable":true,"href":"https:\/\/fundacoesufpel.com.br\/fdms\/wp-json\/wp\/v2\/categories?post=9802"},{"taxonomy":"post_tag","embeddable":true,"href":"https:\/\/fundacoesufpel.com.br\/fdms\/wp-json\/wp\/v2\/tags?post=9802"}],"curies":[{"name":"wp","href":"https:\/\/api.w.org\/{rel}","templated":true}]}}