{"id":9311,"date":"2025-03-20T15:59:00","date_gmt":"2025-03-20T18:59:00","guid":{"rendered":"https:\/\/fundacoesufpel.com.br\/fdms\/?p=9311"},"modified":"2025-03-20T15:59:01","modified_gmt":"2025-03-20T18:59:01","slug":"fundacao-firma-parceria-com-a-prefeitura-e-a-ufpel","status":"publish","type":"post","link":"https:\/\/fundacoesufpel.com.br\/fdms\/2025\/03\/20\/fundacao-firma-parceria-com-a-prefeitura-e-a-ufpel\/","title":{"rendered":"Funda\u00e7\u00e3o firma parceria com a Prefeitura e a UFPel"},"content":{"rendered":"\n<p><\/p>\n\n\n\n<p>Na tarde desta quarta-feira (19), a Funda\u00e7\u00e3o Delfim Mendes Silveira junto ao prefeito Fernando Marroni e a reitora Ursula Rosa da Silva, firmaram uma parceria entre o atual governo da Prefeitura e a Universidade Federal de Pelotas (UFPel). Marroni agradeceu a primeira a\u00e7\u00e3o da parceria, j\u00e1 em curso, com o apoio institucional da Funda\u00e7\u00e3o Delfim Mendes Silveira, na elabora\u00e7\u00e3o dos tr\u00eas editais da Pol\u00edtica Nacional Aldir Blanc (Pnab) de Fomento \u00e0 Cultura, que v\u00e3o acessar um total de R$ 2,1 milh\u00f5es de investimentos do Minist\u00e9rio da Cultura (MinC) para contemplar 62 projetos e espa\u00e7os culturais e pontos de cultura do munic\u00edpio.<\/p>\n\n\n<div class=\"wp-block-image\">\n<figure class=\"aligncenter size-full is-resized\"><img data-recalc-dims=\"1\" fetchpriority=\"high\" decoding=\"async\" width=\"699\" height=\"463\" data-attachment-id=\"9312\" data-permalink=\"https:\/\/fundacoesufpel.com.br\/fdms\/2025\/03\/20\/fundacao-firma-parceria-com-a-prefeitura-e-a-ufpel\/image-13\/\" data-orig-file=\"https:\/\/i0.wp.com\/fundacoesufpel.com.br\/fdms\/wp-content\/uploads\/sites\/3\/2025\/03\/image.png?fit=699%2C463&amp;ssl=1\" data-orig-size=\"699,463\" data-comments-opened=\"0\" data-image-meta=\"{&quot;aperture&quot;:&quot;0&quot;,&quot;credit&quot;:&quot;&quot;,&quot;camera&quot;:&quot;&quot;,&quot;caption&quot;:&quot;&quot;,&quot;created_timestamp&quot;:&quot;0&quot;,&quot;copyright&quot;:&quot;&quot;,&quot;focal_length&quot;:&quot;0&quot;,&quot;iso&quot;:&quot;0&quot;,&quot;shutter_speed&quot;:&quot;0&quot;,&quot;title&quot;:&quot;&quot;,&quot;orientation&quot;:&quot;0&quot;}\" data-image-title=\"image\" data-image-description=\"\" data-image-caption=\"\" data-medium-file=\"https:\/\/i0.wp.com\/fundacoesufpel.com.br\/fdms\/wp-content\/uploads\/sites\/3\/2025\/03\/image.png?fit=300%2C199&amp;ssl=1\" data-large-file=\"https:\/\/i0.wp.com\/fundacoesufpel.com.br\/fdms\/wp-content\/uploads\/sites\/3\/2025\/03\/image.png?fit=699%2C463&amp;ssl=1\" src=\"https:\/\/i0.wp.com\/fundacoesufpel.com.br\/fdms\/wp-content\/uploads\/sites\/3\/2025\/03\/image.png?resize=699%2C463&#038;ssl=1\" alt=\"\" class=\"wp-image-9312\" style=\"width:691px;height:auto\" srcset=\"https:\/\/i0.wp.com\/fundacoesufpel.com.br\/fdms\/wp-content\/uploads\/sites\/3\/2025\/03\/image.png?w=699&amp;ssl=1 699w, https:\/\/i0.wp.com\/fundacoesufpel.com.br\/fdms\/wp-content\/uploads\/sites\/3\/2025\/03\/image.png?resize=300%2C199&amp;ssl=1 300w\" sizes=\"(max-width: 699px) 100vw, 699px\" \/><figcaption class=\"wp-element-caption\">Foto: Volmer Perez\/Secom<\/figcaption><\/figure>\n<\/div>\n\n\n<p><strong>Os editais<\/strong><\/p>\n\n\n\n<p>Regidos pela Lei 14.399\/2022, que institui a Pnab, os editais foram lan\u00e7ados pela Secretaria de Cultura (Secult) na \u00faltima quinta-feira (13) e respeitam as cotas \u00e9tnico-raciais, de g\u00eanero e para PCDs. Cada projeto selecionado receber\u00e1 valores entre R$ 20 mil e R$ 150 mil, conforme a categoria. O per\u00eddo de inscri\u00e7\u00f5es come\u00e7ou no dia 17 de mar\u00e7o e se estende at\u00e9 as 13h do dia 3 de abril. As inscri\u00e7\u00f5es devem ser realizadas pela plataforma &nbsp;https:\/\/aquitemcultura.pelotas.rs.gov.br\/ .&nbsp;<\/p>\n\n\n\n<p>Al\u00e9m disso, quem tiver dificuldades para fazer a inscri\u00e7\u00e3o, pode procurar o Setor de Projetos da Secult pessoalmente, sem necessidade de agendamento pr\u00e9vio, de segunda a sexta-feira, das 8h30min \u00e0s 13h45min, na sede da Secult (Pra\u00e7a Coronel Pedro Os\u00f3rio, 2). Esclarecimentos e outras informa\u00e7\u00f5es podem ser obtidos pelo e-mail pnab.pelotas@gmail.com.\u00a0<\/p>\n\n\n\n<p>Os Editais com todos os seus respectivos anexos est\u00e3o dispon\u00edveis na \u00edntegra no portal da Prefeitura e podem ser acessados&nbsp;<a href=\"https:\/\/www.pelotas.com.br\/publicacoes\/cultura\" target=\"_blank\" rel=\"noreferrer noopener\"><strong>aqui<\/strong><\/a>.<\/p>\n","protected":false},"excerpt":{"rendered":"<p>Na tarde desta quarta-feira (19), a Funda\u00e7\u00e3o Delfim Mendes Silveira junto ao prefeito Fernando Marroni e a reitora Ursula Rosa [&hellip;]<\/p>\n","protected":false},"author":19,"featured_media":9312,"comment_status":"closed","ping_status":"closed","sticky":false,"template":"","format":"standard","meta":{"jetpack_post_was_ever_published":false,"_jetpack_newsletter_access":"","_jetpack_dont_email_post_to_subs":true,"_jetpack_newsletter_tier_id":0,"_jetpack_memberships_contains_paywalled_content":false,"_jetpack_memberships_contains_paid_content":false,"footnotes":""},"categories":[54,68],"tags":[86,102],"class_list":["post-9311","post","type-post","status-publish","format-standard","has-post-thumbnail","hentry","category-noticias","category-noticias-destacadas","tag-noticia","tag-ufpel"],"jetpack_featured_media_url":"https:\/\/i0.wp.com\/fundacoesufpel.com.br\/fdms\/wp-content\/uploads\/sites\/3\/2025\/03\/image.png?fit=699%2C463&ssl=1","jetpack_sharing_enabled":true,"jetpack_likes_enabled":true,"jetpack-related-posts":[{"id":6539,"url":"https:\/\/fundacoesufpel.com.br\/fdms\/2022\/10\/03\/fundacao-delfim-mendes-silveira-e-ufpel-participam-de-reuniao-da-azonasul\/","url_meta":{"origin":9311,"position":0},"title":"Funda\u00e7\u00e3o Delfim Mendes Silveira e UFPEL Participam de Reuni\u00e3o da AZONASUL","author":"","date":"03\/10\/2022","format":false,"excerpt":"O Diretor da Funda\u00e7\u00e3o Delfim Mendes Silveira, professor C\u00e9sar Dalmolin Bergoli, em conjunto com o pr\u00f3-reitor de Extens\u00e3o e Cultura, Eraldo dos Santos Pinheiro e a coordenadora de Extens\u00e3o e Desenvolvimento Social, Ana Carolina Nogueira, estiveram presentes na celebra\u00e7\u00e3o dos 58 anos da Associa\u00e7\u00e3o dos Munic\u00edpios da Zona Sul (Azonasul).\u2026","rel":"","context":"Em &quot;Not\u00edcias&quot;","block_context":{"text":"Not\u00edcias","link":"https:\/\/fundacoesufpel.com.br\/fdms\/category\/noticias\/"},"img":{"alt_text":"","src":"https:\/\/i0.wp.com\/fundacoesufpel.com.br\/fdms\/wp-content\/uploads\/sites\/3\/2022\/10\/Reuniao.png?resize=350%2C200&ssl=1","width":350,"height":200,"srcset":"https:\/\/i0.wp.com\/fundacoesufpel.com.br\/fdms\/wp-content\/uploads\/sites\/3\/2022\/10\/Reuniao.png?resize=350%2C200&ssl=1 1x, https:\/\/i0.wp.com\/fundacoesufpel.com.br\/fdms\/wp-content\/uploads\/sites\/3\/2022\/10\/Reuniao.png?resize=525%2C300&ssl=1 1.5x, https:\/\/i0.wp.com\/fundacoesufpel.com.br\/fdms\/wp-content\/uploads\/sites\/3\/2022\/10\/Reuniao.png?resize=700%2C400&ssl=1 2x"},"classes":[]},{"id":9489,"url":"https:\/\/fundacoesufpel.com.br\/fdms\/2025\/05\/13\/fundacao-delfim-mendes-silveira-discute-parcerias-culturais-com-a-secretaria-estadual-de-cultura\/","url_meta":{"origin":9311,"position":1},"title":"Funda\u00e7\u00e3o Delfim Mendes Silveira discute parcerias culturais com a Secretaria Estadual de Cultura","author":"leandrojunior","date":"13\/05\/2025","format":false,"excerpt":"Na manh\u00e3 desta ter\u00e7a-feira, o diretor-presidente da Funda\u00e7\u00e3o Delfim Mendes Silveira, C\u00e9sar Bergoli, reuniu-se com o secret\u00e1rio estadual de Cultura, deputado Eduardo Loureiro, acompanhado do produtor cultural Pedro Vasconcellos. Da esquerda para a direita: Pedro Vasconcellos (Produtor Cultural), Eduardo Loureiro (Secret\u00e1rio Estadual de Cultura) e C\u00e9sar Bergoli (Diretor-presidente da Funda\u00e7\u00e3o\u2026","rel":"","context":"Em &quot;Not\u00edcias&quot;","block_context":{"text":"Not\u00edcias","link":"https:\/\/fundacoesufpel.com.br\/fdms\/category\/noticias\/"},"img":{"alt_text":"","src":"https:\/\/i0.wp.com\/fundacoesufpel.com.br\/fdms\/wp-content\/uploads\/sites\/3\/2025\/05\/WhatsApp-Image-2025-05-13-at-12.11.39.jpeg?fit=1200%2C900&ssl=1&resize=350%2C200","width":350,"height":200,"srcset":"https:\/\/i0.wp.com\/fundacoesufpel.com.br\/fdms\/wp-content\/uploads\/sites\/3\/2025\/05\/WhatsApp-Image-2025-05-13-at-12.11.39.jpeg?fit=1200%2C900&ssl=1&resize=350%2C200 1x, https:\/\/i0.wp.com\/fundacoesufpel.com.br\/fdms\/wp-content\/uploads\/sites\/3\/2025\/05\/WhatsApp-Image-2025-05-13-at-12.11.39.jpeg?fit=1200%2C900&ssl=1&resize=525%2C300 1.5x, https:\/\/i0.wp.com\/fundacoesufpel.com.br\/fdms\/wp-content\/uploads\/sites\/3\/2025\/05\/WhatsApp-Image-2025-05-13-at-12.11.39.jpeg?fit=1200%2C900&ssl=1&resize=700%2C400 2x, https:\/\/i0.wp.com\/fundacoesufpel.com.br\/fdms\/wp-content\/uploads\/sites\/3\/2025\/05\/WhatsApp-Image-2025-05-13-at-12.11.39.jpeg?fit=1200%2C900&ssl=1&resize=1050%2C600 3x"},"classes":[]},{"id":8272,"url":"https:\/\/fundacoesufpel.com.br\/fdms\/2024\/03\/27\/fundacao-delfim-mendes-silveira-participa-de-reuniao-com-presidente-do-iphan\/","url_meta":{"origin":9311,"position":2},"title":"Funda\u00e7\u00e3o Delfim Mendes Silveira participa de reuni\u00e3o com presidente do Iphan","author":"laurapereira","date":"27\/03\/2024","format":false,"excerpt":"No dia 26\/03 a Funda\u00e7\u00e3o Delfim Mendes Silveira, na figura do seu Diretor Presidente o professor C\u00e9sar Bergoli, participou de reuni\u00e3o com o Presidente do Iphan, senhor Leandro Grass, e demais membros da gest\u00e3o da UFPel. A conversa tratou de pautas importantes para todas as institui\u00e7\u00f5es, como o prosseguimento do\u2026","rel":"","context":"Em &quot;Not\u00edcias&quot;","block_context":{"text":"Not\u00edcias","link":"https:\/\/fundacoesufpel.com.br\/fdms\/category\/noticias\/"},"img":{"alt_text":"","src":"https:\/\/i0.wp.com\/fundacoesufpel.com.br\/fdms\/wp-content\/uploads\/sites\/3\/2024\/03\/WhatsApp-Image-2024-03-27-at-11.48.50.jpeg?resize=350%2C200&ssl=1","width":350,"height":200,"srcset":"https:\/\/i0.wp.com\/fundacoesufpel.com.br\/fdms\/wp-content\/uploads\/sites\/3\/2024\/03\/WhatsApp-Image-2024-03-27-at-11.48.50.jpeg?resize=350%2C200&ssl=1 1x, https:\/\/i0.wp.com\/fundacoesufpel.com.br\/fdms\/wp-content\/uploads\/sites\/3\/2024\/03\/WhatsApp-Image-2024-03-27-at-11.48.50.jpeg?resize=525%2C300&ssl=1 1.5x, https:\/\/i0.wp.com\/fundacoesufpel.com.br\/fdms\/wp-content\/uploads\/sites\/3\/2024\/03\/WhatsApp-Image-2024-03-27-at-11.48.50.jpeg?resize=700%2C400&ssl=1 2x, https:\/\/i0.wp.com\/fundacoesufpel.com.br\/fdms\/wp-content\/uploads\/sites\/3\/2024\/03\/WhatsApp-Image-2024-03-27-at-11.48.50.jpeg?resize=1050%2C600&ssl=1 3x"},"classes":[]},{"id":6701,"url":"https:\/\/fundacoesufpel.com.br\/fdms\/2022\/11\/07\/fdms-em-parceria-com-ufpel-tem-projeto-contemplado-junto-a-secretaria-de-cultura-do-estado-sedac-rs\/","url_meta":{"origin":9311,"position":3},"title":"FDMS em parceria com UFPel tem projeto contemplado junto \u00e0 Secretaria de Cultura do Estado-SEDAC\/RS","author":"","date":"07\/11\/2022","format":false,"excerpt":"No dia 25\/10\/2022 foi publicado no Di\u00e1rio Oficial do Estado RS\/DOE a homologa\u00e7\u00e3o do resultado definitivo dos projetos classificados no Edital SEDAC n\u00b0 05\/2022-FAC Territ\u00f3rios Criativos, o qual tem por objeto a sele\u00e7\u00e3o de 10 projetos culturais que visem ao desenvolvimento e \u00e0 territorializa\u00e7\u00e3o da atividade criativa no estado do\u2026","rel":"","context":"Em &quot;Not\u00edcias&quot;","block_context":{"text":"Not\u00edcias","link":"https:\/\/fundacoesufpel.com.br\/fdms\/category\/noticias\/"},"img":{"alt_text":"","src":"","width":0,"height":0},"classes":[]},{"id":10945,"url":"https:\/\/fundacoesufpel.com.br\/fdms\/2026\/03\/16\/seminario-sobre-marco-legal-de-protecao-dos-conhecimentos-tradicionais-ocorre-em-porto-alegre\/","url_meta":{"origin":9311,"position":4},"title":"Semin\u00e1rio sobre Marco Legal de Prote\u00e7\u00e3o dos Conhecimentos Tradicionais ocorre em Porto Alegre","author":"leandrojunior","date":"16\/03\/2026","format":false,"excerpt":"Entre os dias 16 e 19 de mar\u00e7o de 2026, ocorre em Porto Alegre o Semin\u00e1rio do Marco Legal de Prote\u00e7\u00e3o dos Conhecimentos Tradicionais, das Express\u00f5es Culturais Tradicionais e das Culturas Populares. O evento \u00e9 organizado pelo Minist\u00e9rio da Cultura, em parceria com a Universidade Federal de Pelotas, e conta\u2026","rel":"","context":"Em &quot;Eventos Realizados&quot;","block_context":{"text":"Eventos Realizados","link":"https:\/\/fundacoesufpel.com.br\/fdms\/category\/cursos-e-eventos\/eventos-realizados\/"},"img":{"alt_text":"","src":"https:\/\/i0.wp.com\/fundacoesufpel.com.br\/fdms\/wp-content\/uploads\/sites\/3\/2026\/03\/WhatsApp-Image-2026-03-16-at-11.02.06-e1773692588553.jpeg?fit=1200%2C578&ssl=1&resize=350%2C200","width":350,"height":200,"srcset":"https:\/\/i0.wp.com\/fundacoesufpel.com.br\/fdms\/wp-content\/uploads\/sites\/3\/2026\/03\/WhatsApp-Image-2026-03-16-at-11.02.06-e1773692588553.jpeg?fit=1200%2C578&ssl=1&resize=350%2C200 1x, https:\/\/i0.wp.com\/fundacoesufpel.com.br\/fdms\/wp-content\/uploads\/sites\/3\/2026\/03\/WhatsApp-Image-2026-03-16-at-11.02.06-e1773692588553.jpeg?fit=1200%2C578&ssl=1&resize=525%2C300 1.5x, https:\/\/i0.wp.com\/fundacoesufpel.com.br\/fdms\/wp-content\/uploads\/sites\/3\/2026\/03\/WhatsApp-Image-2026-03-16-at-11.02.06-e1773692588553.jpeg?fit=1200%2C578&ssl=1&resize=700%2C400 2x, https:\/\/i0.wp.com\/fundacoesufpel.com.br\/fdms\/wp-content\/uploads\/sites\/3\/2026\/03\/WhatsApp-Image-2026-03-16-at-11.02.06-e1773692588553.jpeg?fit=1200%2C578&ssl=1&resize=1050%2C600 3x"},"classes":[]},{"id":6027,"url":"https:\/\/fundacoesufpel.com.br\/fdms\/2022\/06\/24\/fdms-integra-equipe-do-grupo-de-articulacao-em-producao-e-politicas-culturais-da-ufpel-2\/","url_meta":{"origin":9311,"position":5},"title":"FDMS integra equipe do Grupo de Articula\u00e7\u00e3o em Produ\u00e7\u00e3o e Pol\u00edticas Culturais da UFPel.","author":"","date":"24\/06\/2022","format":false,"excerpt":"A Funda\u00e7\u00e3o Delfim Mendes Silveira integra equipe do Grupo de Articula\u00e7\u00e3o em Produ\u00e7\u00e3o e Pol\u00edticas Culturais da UFPel. A proposta do Grupo \u00e9 voltada ao desenvolver conhecimento e expertise na elabora\u00e7\u00e3o e submiss\u00e3o de projetos via UFPel e\/ou Funda\u00e7\u00e3o de Apoio para capta\u00e7\u00e3o de recursos atrav\u00e9s de Leis de Incentivo\u2026","rel":"","context":"Em &quot;Not\u00edcias&quot;","block_context":{"text":"Not\u00edcias","link":"https:\/\/fundacoesufpel.com.br\/fdms\/category\/noticias\/"},"img":{"alt_text":"","src":"https:\/\/i0.wp.com\/fundacoesufpel.com.br\/fdms\/wp-content\/uploads\/sites\/3\/2022\/06\/image-1.png?resize=350%2C200&ssl=1","width":350,"height":200,"srcset":"https:\/\/i0.wp.com\/fundacoesufpel.com.br\/fdms\/wp-content\/uploads\/sites\/3\/2022\/06\/image-1.png?resize=350%2C200&ssl=1 1x, https:\/\/i0.wp.com\/fundacoesufpel.com.br\/fdms\/wp-content\/uploads\/sites\/3\/2022\/06\/image-1.png?resize=525%2C300&ssl=1 1.5x, https:\/\/i0.wp.com\/fundacoesufpel.com.br\/fdms\/wp-content\/uploads\/sites\/3\/2022\/06\/image-1.png?resize=700%2C400&ssl=1 2x"},"classes":[]}],"jetpack_shortlink":"https:\/\/wp.me\/pcrDaD-2qb","_links":{"self":[{"href":"https:\/\/fundacoesufpel.com.br\/fdms\/wp-json\/wp\/v2\/posts\/9311","targetHints":{"allow":["GET"]}}],"collection":[{"href":"https:\/\/fundacoesufpel.com.br\/fdms\/wp-json\/wp\/v2\/posts"}],"about":[{"href":"https:\/\/fundacoesufpel.com.br\/fdms\/wp-json\/wp\/v2\/types\/post"}],"author":[{"embeddable":true,"href":"https:\/\/fundacoesufpel.com.br\/fdms\/wp-json\/wp\/v2\/users\/19"}],"replies":[{"embeddable":true,"href":"https:\/\/fundacoesufpel.com.br\/fdms\/wp-json\/wp\/v2\/comments?post=9311"}],"version-history":[{"count":1,"href":"https:\/\/fundacoesufpel.com.br\/fdms\/wp-json\/wp\/v2\/posts\/9311\/revisions"}],"predecessor-version":[{"id":9313,"href":"https:\/\/fundacoesufpel.com.br\/fdms\/wp-json\/wp\/v2\/posts\/9311\/revisions\/9313"}],"wp:featuredmedia":[{"embeddable":true,"href":"https:\/\/fundacoesufpel.com.br\/fdms\/wp-json\/wp\/v2\/media\/9312"}],"wp:attachment":[{"href":"https:\/\/fundacoesufpel.com.br\/fdms\/wp-json\/wp\/v2\/media?parent=9311"}],"wp:term":[{"taxonomy":"category","embeddable":true,"href":"https:\/\/fundacoesufpel.com.br\/fdms\/wp-json\/wp\/v2\/categories?post=9311"},{"taxonomy":"post_tag","embeddable":true,"href":"https:\/\/fundacoesufpel.com.br\/fdms\/wp-json\/wp\/v2\/tags?post=9311"}],"curies":[{"name":"wp","href":"https:\/\/api.w.org\/{rel}","templated":true}]}}