{"id":8564,"date":"2024-08-14T17:30:08","date_gmt":"2024-08-14T20:30:08","guid":{"rendered":"https:\/\/fundacoesufpel.com.br\/fdms\/?p=8564"},"modified":"2024-08-14T17:30:09","modified_gmt":"2024-08-14T20:30:09","slug":"evento-da-ufpel-em-brasilia-debate-restauracao-de-patrimonio-cultural-vandalizado-em-8-de-janeiro-de-2023","status":"publish","type":"post","link":"https:\/\/fundacoesufpel.com.br\/fdms\/2024\/08\/14\/evento-da-ufpel-em-brasilia-debate-restauracao-de-patrimonio-cultural-vandalizado-em-8-de-janeiro-de-2023\/","title":{"rendered":"Evento da UFPel em Bras\u00edlia debate restaura\u00e7\u00e3o de Patrim\u00f4nio Cultural Vandalizado em 8 de janeiro de 2023"},"content":{"rendered":"\n<p class=\"has-text-align-left\">A FDMS est\u00e1 apoiando financeiramente a exposi\u00e7\u00e3o fotogr\u00e1fica intitulada &#8220;8\/01: Democracia e Restaura\u00e7\u00e3o\u201d que retrata o trabalho realizado at\u00e9 o momento pelo grupo de professoras da UFPel visando o restauro das obras do Pal\u00e1cio do Planalto danificadas no fat\u00eddico dia de atentado contra a democracia. A exposi\u00e7\u00e3o faz parte de um evento maior que discutir\u00e1 o patrim\u00f4nio cultural nacional e a necessidade de sua conserva\u00e7\u00e3o e restauro.<\/p>\n\n\n\n<p class=\"has-text-align-left\">Essa a\u00e7\u00e3o faz parte do plano da Funda\u00e7\u00e3o em apoiar projetos institucionais de destaque e import\u00e2ncia nacional e assim aumentar a visibilidade da nossa IFE e da nossa Funda\u00e7\u00e3o. Dentro das atividades do evento o Diretor Presidente C\u00e9sar Bergoli participar\u00e1 de uma mesa de discuss\u00e3o debatendo a import\u00e2ncia da atua\u00e7\u00e3o das institui\u00e7\u00f5es no restauro e conserva\u00e7\u00e3o do nosso patrim\u00f4nio.<\/p>\n\n\n<div class=\"wp-block-image is-style-default\">\n<figure class=\"aligncenter size-large is-resized\"><img data-recalc-dims=\"1\" fetchpriority=\"high\" decoding=\"async\" width=\"780\" height=\"780\" data-attachment-id=\"8565\" data-permalink=\"https:\/\/fundacoesufpel.com.br\/fdms\/2024\/08\/14\/evento-da-ufpel-em-brasilia-debate-restauracao-de-patrimonio-cultural-vandalizado-em-8-de-janeiro-de-2023\/snapinsta-app_454756040_917486980405500_2887850670850555585_n_1080\/\" data-orig-file=\"https:\/\/i0.wp.com\/fundacoesufpel.com.br\/fdms\/wp-content\/uploads\/sites\/3\/2024\/08\/Snapinsta.app_454756040_917486980405500_2887850670850555585_n_1080.jpg?fit=1080%2C1080&amp;ssl=1\" data-orig-size=\"1080,1080\" data-comments-opened=\"0\" data-image-meta=\"{&quot;aperture&quot;:&quot;0&quot;,&quot;credit&quot;:&quot;&quot;,&quot;camera&quot;:&quot;&quot;,&quot;caption&quot;:&quot;&quot;,&quot;created_timestamp&quot;:&quot;0&quot;,&quot;copyright&quot;:&quot;&quot;,&quot;focal_length&quot;:&quot;0&quot;,&quot;iso&quot;:&quot;0&quot;,&quot;shutter_speed&quot;:&quot;0&quot;,&quot;title&quot;:&quot;&quot;,&quot;orientation&quot;:&quot;0&quot;}\" data-image-title=\"Snapinsta.app_454756040_917486980405500_2887850670850555585_n_1080\" data-image-description=\"\" data-image-caption=\"\" data-medium-file=\"https:\/\/i0.wp.com\/fundacoesufpel.com.br\/fdms\/wp-content\/uploads\/sites\/3\/2024\/08\/Snapinsta.app_454756040_917486980405500_2887850670850555585_n_1080.jpg?fit=300%2C300&amp;ssl=1\" data-large-file=\"https:\/\/i0.wp.com\/fundacoesufpel.com.br\/fdms\/wp-content\/uploads\/sites\/3\/2024\/08\/Snapinsta.app_454756040_917486980405500_2887850670850555585_n_1080.jpg?fit=780%2C780&amp;ssl=1\" src=\"https:\/\/i0.wp.com\/fundacoesufpel.com.br\/fdms\/wp-content\/uploads\/sites\/3\/2024\/08\/Snapinsta.app_454756040_917486980405500_2887850670850555585_n_1080.jpg?resize=780%2C780&#038;ssl=1\" alt=\"\" class=\"wp-image-8565\" style=\"width:612px;height:auto\" srcset=\"https:\/\/i0.wp.com\/fundacoesufpel.com.br\/fdms\/wp-content\/uploads\/sites\/3\/2024\/08\/Snapinsta.app_454756040_917486980405500_2887850670850555585_n_1080.jpg?resize=1024%2C1024&amp;ssl=1 1024w, https:\/\/i0.wp.com\/fundacoesufpel.com.br\/fdms\/wp-content\/uploads\/sites\/3\/2024\/08\/Snapinsta.app_454756040_917486980405500_2887850670850555585_n_1080.jpg?resize=300%2C300&amp;ssl=1 300w, https:\/\/i0.wp.com\/fundacoesufpel.com.br\/fdms\/wp-content\/uploads\/sites\/3\/2024\/08\/Snapinsta.app_454756040_917486980405500_2887850670850555585_n_1080.jpg?resize=150%2C150&amp;ssl=1 150w, https:\/\/i0.wp.com\/fundacoesufpel.com.br\/fdms\/wp-content\/uploads\/sites\/3\/2024\/08\/Snapinsta.app_454756040_917486980405500_2887850670850555585_n_1080.jpg?resize=768%2C768&amp;ssl=1 768w, https:\/\/i0.wp.com\/fundacoesufpel.com.br\/fdms\/wp-content\/uploads\/sites\/3\/2024\/08\/Snapinsta.app_454756040_917486980405500_2887850670850555585_n_1080.jpg?resize=50%2C50&amp;ssl=1 50w, https:\/\/i0.wp.com\/fundacoesufpel.com.br\/fdms\/wp-content\/uploads\/sites\/3\/2024\/08\/Snapinsta.app_454756040_917486980405500_2887850670850555585_n_1080.jpg?w=1080&amp;ssl=1 1080w\" sizes=\"(max-width: 780px) 100vw, 780px\" \/><\/figure>\n<\/div>\n\n\n<p>Saiba mais em: <a href=\"https:\/\/ccs2.ufpel.edu.br\/wp\/2024\/08\/12\/evento-da-ufpel-em-brasilia-debate-restauracao-de-patrimonio-cultural-vandalizado-em-8-de-janeiro-de-2023\/\">https:\/\/ccs2.ufpel.edu.br\/wp\/2024\/08\/12\/evento-da-ufpel-em-brasilia-debate-restauracao-de-patrimonio-cultural-vandalizado-em-8-de-janeiro-de-2023\/<\/a><\/p>\n","protected":false},"excerpt":{"rendered":"<p>A FDMS est\u00e1 apoiando financeiramente a exposi\u00e7\u00e3o fotogr\u00e1fica intitulada &#8220;8\/01: Democracia e Restaura\u00e7\u00e3o\u201d que retrata o trabalho realizado at\u00e9 o [&hellip;]<\/p>\n","protected":false},"author":16,"featured_media":0,"comment_status":"closed","ping_status":"closed","sticky":false,"template":"","format":"standard","meta":{"jetpack_post_was_ever_published":false,"_jetpack_newsletter_access":"","_jetpack_dont_email_post_to_subs":true,"_jetpack_newsletter_tier_id":0,"_jetpack_memberships_contains_paywalled_content":false,"_jetpack_memberships_contains_paid_content":false,"footnotes":""},"categories":[105,54,12],"tags":[],"class_list":["post-8564","post","type-post","status-publish","format-standard","hentry","category-105","category-noticias","category-proximos-eventos"],"jetpack_featured_media_url":"","jetpack_sharing_enabled":true,"jetpack_likes_enabled":true,"jetpack-related-posts":[{"id":8680,"url":"https:\/\/fundacoesufpel.com.br\/fdms\/2024\/09\/12\/fundacao-apoiou-exposicao-fotografica-sobre-a-restauracao-das-obras-vandalizadas-em-8-de-janeiro\/","url_meta":{"origin":8564,"position":0},"title":"Funda\u00e7\u00e3o Apoiou Exposi\u00e7\u00e3o Fotogr\u00e1fica Sobre a Restaura\u00e7\u00e3o das Obras Vandalizadas em 8 de Janeiro","author":"leandrojunior","date":"12\/09\/2024","format":false,"excerpt":"Nos dias 27, 28 e 29 de agosto, ocorreu na sede do Instituto do Patrim\u00f4nio Hist\u00f3rico e Art\u00edstico Nacional (IPHAN), em Bras\u00edlia, o evento intitulado \u201c8 de Janeiro: Di\u00e1logos sobre Conserva\u00e7\u00e3o, Restaura\u00e7\u00e3o, Patrim\u00f4nio e Democracia\u201d. O evento foi organizado pelo IPHAN e pela Universidade Federal de Pelotas (UFPel). Foram apresentadas\u2026","rel":"","context":"Em &quot;2024&quot;","block_context":{"text":"2024","link":"https:\/\/fundacoesufpel.com.br\/fdms\/category\/avisos-processos-selecao-publica-licitatorios\/2024\/"},"img":{"alt_text":"","src":"https:\/\/i0.wp.com\/fundacoesufpel.com.br\/fdms\/wp-content\/uploads\/sites\/3\/2024\/09\/IMG-20240830-WA0231.jpg?fit=1200%2C800&ssl=1&resize=350%2C200","width":350,"height":200,"srcset":"https:\/\/i0.wp.com\/fundacoesufpel.com.br\/fdms\/wp-content\/uploads\/sites\/3\/2024\/09\/IMG-20240830-WA0231.jpg?fit=1200%2C800&ssl=1&resize=350%2C200 1x, https:\/\/i0.wp.com\/fundacoesufpel.com.br\/fdms\/wp-content\/uploads\/sites\/3\/2024\/09\/IMG-20240830-WA0231.jpg?fit=1200%2C800&ssl=1&resize=525%2C300 1.5x, https:\/\/i0.wp.com\/fundacoesufpel.com.br\/fdms\/wp-content\/uploads\/sites\/3\/2024\/09\/IMG-20240830-WA0231.jpg?fit=1200%2C800&ssl=1&resize=700%2C400 2x, https:\/\/i0.wp.com\/fundacoesufpel.com.br\/fdms\/wp-content\/uploads\/sites\/3\/2024\/09\/IMG-20240830-WA0231.jpg?fit=1200%2C800&ssl=1&resize=1050%2C600 3x"},"classes":[]},{"id":8971,"url":"https:\/\/fundacoesufpel.com.br\/fdms\/2025\/01\/10\/ufpel-participa-de-cerimonia-em-brasilia-e-entrega-obras-restauradas\/","url_meta":{"origin":8564,"position":1},"title":"FDMS participa de Cerim\u00f4nia em Bras\u00edlia e UFPel entrega Obras restauradas","author":"leandrojunior","date":"10\/01\/2025","format":false,"excerpt":"Nesta segunda-feira, 8 de janeiro de 2025, Bras\u00edlia foi palco de uma cerim\u00f4nia em defesa da democracia, marcando os dois anos dos atos golpistas ocorridos em 8 de janeiro de 2023. Durante o evento, 20 obras de arte vandalizadas naquela ocasi\u00e3o, foram oficialmente devolvidas ao acervo do Pal\u00e1cio do Planalto,\u2026","rel":"","context":"Em &quot;Not\u00edcias&quot;","block_context":{"text":"Not\u00edcias","link":"https:\/\/fundacoesufpel.com.br\/fdms\/category\/noticias\/"},"img":{"alt_text":"","src":"https:\/\/i0.wp.com\/fundacoesufpel.com.br\/fdms\/wp-content\/uploads\/sites\/3\/2025\/01\/WhatsApp-Image-2025-01-09-at-12.08.30.jpeg?fit=1200%2C540&ssl=1&resize=350%2C200","width":350,"height":200,"srcset":"https:\/\/i0.wp.com\/fundacoesufpel.com.br\/fdms\/wp-content\/uploads\/sites\/3\/2025\/01\/WhatsApp-Image-2025-01-09-at-12.08.30.jpeg?fit=1200%2C540&ssl=1&resize=350%2C200 1x, https:\/\/i0.wp.com\/fundacoesufpel.com.br\/fdms\/wp-content\/uploads\/sites\/3\/2025\/01\/WhatsApp-Image-2025-01-09-at-12.08.30.jpeg?fit=1200%2C540&ssl=1&resize=525%2C300 1.5x, https:\/\/i0.wp.com\/fundacoesufpel.com.br\/fdms\/wp-content\/uploads\/sites\/3\/2025\/01\/WhatsApp-Image-2025-01-09-at-12.08.30.jpeg?fit=1200%2C540&ssl=1&resize=700%2C400 2x, https:\/\/i0.wp.com\/fundacoesufpel.com.br\/fdms\/wp-content\/uploads\/sites\/3\/2025\/01\/WhatsApp-Image-2025-01-09-at-12.08.30.jpeg?fit=1200%2C540&ssl=1&resize=1050%2C600 3x"},"classes":[]},{"id":8375,"url":"https:\/\/fundacoesufpel.com.br\/fdms\/2024\/04\/29\/edital-no-07-de-29-de-abril-de-2024-aberto\/","url_meta":{"origin":8564,"position":2},"title":"EDITAL N\u00ba 07 DE\u00a0 29 DE ABRIL DE 2024 &#8211; FECHADO","author":"","date":"29\/04\/2024","format":false,"excerpt":"PROCESSO SELETIVO SIMPLIFICADO PARA CONTRATA\u00c7\u00c3O DE BOLSISTAS PROJETO DE PESQUISA CONTRATO 46\/2023 - Laborat\u00f3rio Aberto de Conserva\u00e7\u00e3o e Restaura\u00e7\u00e3o de Pinturas A\u00e7\u00e3o Patrim\u00f4nio Cultural dos Pal\u00e1cios Presidenciais: valoriza\u00e7\u00e3o e promo\u00e7\u00e3o da democracia a partir da conserva\u00e7\u00e3o-restaura\u00e7\u00e3o dos bens culturais vandalizados do Pal\u00e1cio do Planalto. O Diretor Presidente da Funda\u00e7\u00e3o Delfim\u2026","rel":"","context":"Em &quot;Not\u00edcias&quot;","block_context":{"text":"Not\u00edcias","link":"https:\/\/fundacoesufpel.com.br\/fdms\/category\/noticias\/"},"img":{"alt_text":"","src":"","width":0,"height":0},"classes":[]},{"id":6637,"url":"https:\/\/fundacoesufpel.com.br\/fdms\/2022\/10\/25\/fdms-em-conjunto-com-ufpel-tem-projeto-revitalizacao-da-escola-de-belas-artes-aprovado-pelo-ministerio-do-turismo-e-secretaria-especial-de-cultura\/","url_meta":{"origin":8564,"position":3},"title":"FDMS em conjunto com UFPel tem projeto \u201cRevitaliza\u00e7\u00e3o da Escola de Belas Artes\u201d aprovado pelo Minist\u00e9rio do Turismo e Secretaria Especial de Cultura","author":"","date":"25\/10\/2022","format":false,"excerpt":"Na data de hoje foi publicado no Di\u00e1rio Oficial da Uni\u00e3o a Portaria n\u00b0 576- Minist\u00e9rio do Turismo\/Secretaria Especial de Cultura\/Secretaria Nacional de Fomento e Incentivo \u00e0 Cultura, autorizando projetos culturais a receberem doa\u00e7\u00f5es e patroc\u00ednios \u00e0 execu\u00e7\u00e3o de relacionados a Lei n\u00ba 8.313\/91, Decreto n\u00ba 10.755\/2021. Essa portaria era\u2026","rel":"","context":"Em &quot;Not\u00edcias&quot;","block_context":{"text":"Not\u00edcias","link":"https:\/\/fundacoesufpel.com.br\/fdms\/category\/noticias\/"},"img":{"alt_text":"","src":"https:\/\/i0.wp.com\/fundacoesufpel.com.br\/fdms\/wp-content\/uploads\/sites\/3\/2022\/10\/img21-2.jpg?resize=350%2C200&ssl=1","width":350,"height":200,"srcset":"https:\/\/i0.wp.com\/fundacoesufpel.com.br\/fdms\/wp-content\/uploads\/sites\/3\/2022\/10\/img21-2.jpg?resize=350%2C200&ssl=1 1x, https:\/\/i0.wp.com\/fundacoesufpel.com.br\/fdms\/wp-content\/uploads\/sites\/3\/2022\/10\/img21-2.jpg?resize=525%2C300&ssl=1 1.5x, https:\/\/i0.wp.com\/fundacoesufpel.com.br\/fdms\/wp-content\/uploads\/sites\/3\/2022\/10\/img21-2.jpg?resize=700%2C400&ssl=1 2x"},"classes":[]},{"id":8552,"url":"https:\/\/fundacoesufpel.com.br\/fdms\/2024\/08\/08\/selecao-publica-de-fornecedores-edital-008-2024-em-andamento\/","url_meta":{"origin":8564,"position":4},"title":"SELE\u00c7\u00c3O P\u00daBLICA DE FORNECEDORES \u2013 EDITAL 008\/2024 &#8211; EM ANDAMENTO","author":"Juliana Machado","date":"08\/08\/2024","format":false,"excerpt":"PROCESSO ADMINISTRATIVO: 9625.250624.0005 A\u00a0FUNDA\u00c7\u00c3O DELFIM MENDES SILVEIRA \u2013 FDMS, neste ato representado por seu Diretor-Presidente, C\u00e9sar Dalmolin Bergoli, inscrita no CNPJ sob o n\u00ba 03.703.102\/0001-61, pessoa jur\u00eddica de direito privado, com sede na Rua Lobo da Costa, n\u00ba 447, Centro, CEP: 96.010-150, Pelotas\/RS, torna p\u00fablico o processo de Sele\u00e7\u00e3o P\u00fablica\u2026","rel":"","context":"Em &quot;2024&quot;","block_context":{"text":"2024","link":"https:\/\/fundacoesufpel.com.br\/fdms\/category\/avisos-processos-selecao-publica-licitatorios\/2024\/"},"img":{"alt_text":"","src":"","width":0,"height":0},"classes":[]},{"id":9489,"url":"https:\/\/fundacoesufpel.com.br\/fdms\/2025\/05\/13\/fundacao-delfim-mendes-silveira-discute-parcerias-culturais-com-a-secretaria-estadual-de-cultura\/","url_meta":{"origin":8564,"position":5},"title":"Funda\u00e7\u00e3o Delfim Mendes Silveira discute parcerias culturais com a Secretaria Estadual de Cultura","author":"leandrojunior","date":"13\/05\/2025","format":false,"excerpt":"Na manh\u00e3 desta ter\u00e7a-feira, o diretor-presidente da Funda\u00e7\u00e3o Delfim Mendes Silveira, C\u00e9sar Bergoli, reuniu-se com o secret\u00e1rio estadual de Cultura, deputado Eduardo Loureiro, acompanhado do produtor cultural Pedro Vasconcellos. Da esquerda para a direita: Pedro Vasconcellos (Produtor Cultural), Eduardo Loureiro (Secret\u00e1rio Estadual de Cultura) e C\u00e9sar Bergoli (Diretor-presidente da Funda\u00e7\u00e3o\u2026","rel":"","context":"Em &quot;Not\u00edcias&quot;","block_context":{"text":"Not\u00edcias","link":"https:\/\/fundacoesufpel.com.br\/fdms\/category\/noticias\/"},"img":{"alt_text":"","src":"https:\/\/i0.wp.com\/fundacoesufpel.com.br\/fdms\/wp-content\/uploads\/sites\/3\/2025\/05\/WhatsApp-Image-2025-05-13-at-12.11.39.jpeg?fit=1200%2C900&ssl=1&resize=350%2C200","width":350,"height":200,"srcset":"https:\/\/i0.wp.com\/fundacoesufpel.com.br\/fdms\/wp-content\/uploads\/sites\/3\/2025\/05\/WhatsApp-Image-2025-05-13-at-12.11.39.jpeg?fit=1200%2C900&ssl=1&resize=350%2C200 1x, https:\/\/i0.wp.com\/fundacoesufpel.com.br\/fdms\/wp-content\/uploads\/sites\/3\/2025\/05\/WhatsApp-Image-2025-05-13-at-12.11.39.jpeg?fit=1200%2C900&ssl=1&resize=525%2C300 1.5x, https:\/\/i0.wp.com\/fundacoesufpel.com.br\/fdms\/wp-content\/uploads\/sites\/3\/2025\/05\/WhatsApp-Image-2025-05-13-at-12.11.39.jpeg?fit=1200%2C900&ssl=1&resize=700%2C400 2x, https:\/\/i0.wp.com\/fundacoesufpel.com.br\/fdms\/wp-content\/uploads\/sites\/3\/2025\/05\/WhatsApp-Image-2025-05-13-at-12.11.39.jpeg?fit=1200%2C900&ssl=1&resize=1050%2C600 3x"},"classes":[]}],"jetpack_shortlink":"https:\/\/wp.me\/pcrDaD-2e8","_links":{"self":[{"href":"https:\/\/fundacoesufpel.com.br\/fdms\/wp-json\/wp\/v2\/posts\/8564","targetHints":{"allow":["GET"]}}],"collection":[{"href":"https:\/\/fundacoesufpel.com.br\/fdms\/wp-json\/wp\/v2\/posts"}],"about":[{"href":"https:\/\/fundacoesufpel.com.br\/fdms\/wp-json\/wp\/v2\/types\/post"}],"author":[{"embeddable":true,"href":"https:\/\/fundacoesufpel.com.br\/fdms\/wp-json\/wp\/v2\/users\/16"}],"replies":[{"embeddable":true,"href":"https:\/\/fundacoesufpel.com.br\/fdms\/wp-json\/wp\/v2\/comments?post=8564"}],"version-history":[{"count":4,"href":"https:\/\/fundacoesufpel.com.br\/fdms\/wp-json\/wp\/v2\/posts\/8564\/revisions"}],"predecessor-version":[{"id":8569,"href":"https:\/\/fundacoesufpel.com.br\/fdms\/wp-json\/wp\/v2\/posts\/8564\/revisions\/8569"}],"wp:attachment":[{"href":"https:\/\/fundacoesufpel.com.br\/fdms\/wp-json\/wp\/v2\/media?parent=8564"}],"wp:term":[{"taxonomy":"category","embeddable":true,"href":"https:\/\/fundacoesufpel.com.br\/fdms\/wp-json\/wp\/v2\/categories?post=8564"},{"taxonomy":"post_tag","embeddable":true,"href":"https:\/\/fundacoesufpel.com.br\/fdms\/wp-json\/wp\/v2\/tags?post=8564"}],"curies":[{"name":"wp","href":"https:\/\/api.w.org\/{rel}","templated":true}]}}