{"id":8301,"date":"2024-04-09T13:51:22","date_gmt":"2024-04-09T16:51:22","guid":{"rendered":"https:\/\/fundacoesufpel.com.br\/fdms\/?p=8301"},"modified":"2025-03-11T10:04:54","modified_gmt":"2025-03-11T13:04:54","slug":"selecao-publica-de-fornecedores-edital-003-2024-em-andamento","status":"publish","type":"post","link":"https:\/\/fundacoesufpel.com.br\/fdms\/2024\/04\/09\/selecao-publica-de-fornecedores-edital-003-2024-em-andamento\/","title":{"rendered":"SELE\u00c7\u00c3O P\u00daBLICA DE FORNECEDORES \u2013 EDITAL 003\/2024 \u2013 CONCLU\u00cdDO"},"content":{"rendered":"\n<ul class=\"wp-block-list\">\n<li>PROCESSO ADMINISTRATIVO: 2701.211223.0007<\/li>\n<\/ul>\n\n\n\n<p class=\"has-text-align-justify\">A&nbsp;FUNDA\u00c7\u00c3O DELFIM MENDES SILVEIRA \u2013 FDMS, neste ato representado por seu Diretor-Presidente, C\u00e9sar Dalmolin Bergoli, inscrita no CNPJ sob o n\u00ba 03.703.102\/0001-61, pessoa jur\u00eddica de direito privado, com sede na Rua Lobo da Costa, n\u00ba 447, Centro, CEP: 96.010-150, Pelotas\/RS, torna p\u00fablico o processo de Sele\u00e7\u00e3o P\u00fablica de Fornecedores, em conformidade com o Decreto n\u00ba 8.241\/2014 e aos princ\u00edpios da impessoalidade, da moralidade e da vincula\u00e7\u00e3o ao instrumento convocat\u00f3rio.<\/p>\n\n\n\n<p class=\"has-text-align-justify\">Esta Sele\u00e7\u00e3o P\u00fablica de Fornecedores tem por objeto formalizar um Termo de Compromisso de Fornecimento, em conson\u00e2ncia ao Decreto n\u00ba 8.241\/2014, para Aquisi\u00e7\u00e3o de Medicamentos, com entrega parcelada, para atender a demanda do Contrato n\u00b0 10\/2023 vinculado ao Projeto Hospital de Cl\u00ednica Veterin\u00e1ria (HCV) da Universidade Federal de Pelotas \u2013 UFPel, apoiado pela Funda\u00e7\u00e3o Delfim Mendes Silveira \u2013 FDMS.<\/p>\n\n\n\n<p>EDITAL:<\/p>\n\n\n\n<div data-wp-interactive=\"core\/file\" class=\"wp-block-file\"><object data-wp-bind--hidden=\"!state.hasPdfPreview\" hidden class=\"wp-block-file__embed\" data=\"https:\/\/fundacoesufpel.com.br\/fdms\/wp-content\/uploads\/sites\/3\/2024\/04\/Edital_003_2024.pdf\" type=\"application\/pdf\" style=\"width:100%;height:600px\" aria-label=\"Incorporado de Edital_003_2024.\"><\/object><a id=\"wp-block-file--media-ea029d59-f468-4363-81c5-687da12e826e\" href=\"https:\/\/fundacoesufpel.com.br\/fdms\/wp-content\/uploads\/sites\/3\/2024\/04\/Edital_003_2024.pdf\">Edital_003_2024<\/a><a href=\"https:\/\/fundacoesufpel.com.br\/fdms\/wp-content\/uploads\/sites\/3\/2024\/04\/Edital_003_2024.pdf\" class=\"wp-block-file__button wp-element-button\" download aria-describedby=\"wp-block-file--media-ea029d59-f468-4363-81c5-687da12e826e\">Baixar<\/a><\/div>\n\n\n\n<p>AVISO DOU:<\/p>\n\n\n\n<div data-wp-interactive=\"core\/file\" class=\"wp-block-file\"><object data-wp-bind--hidden=\"!state.hasPdfPreview\" hidden class=\"wp-block-file__embed\" data=\"https:\/\/fundacoesufpel.com.br\/fdms\/wp-content\/uploads\/sites\/3\/2024\/04\/03-AVISO_DOU.pdf\" type=\"application\/pdf\" style=\"width:100%;height:600px\" aria-label=\"Incorporado de 03-AVISO_DOU.\"><\/object><a id=\"wp-block-file--media-25f69248-0d5b-4201-becc-a6878943fca1\" href=\"https:\/\/fundacoesufpel.com.br\/fdms\/wp-content\/uploads\/sites\/3\/2024\/04\/03-AVISO_DOU.pdf\">03-AVISO_DOU<\/a><a href=\"https:\/\/fundacoesufpel.com.br\/fdms\/wp-content\/uploads\/sites\/3\/2024\/04\/03-AVISO_DOU.pdf\" class=\"wp-block-file__button wp-element-button\" download aria-describedby=\"wp-block-file--media-25f69248-0d5b-4201-becc-a6878943fca1\">Baixar<\/a><\/div>\n","protected":false},"excerpt":{"rendered":"<p>A&nbsp;FUNDA\u00c7\u00c3O DELFIM MENDES SILVEIRA \u2013 FDMS, neste ato representado por seu Diretor-Presidente, C\u00e9sar Dalmolin Bergoli, inscrita no CNPJ sob o [&hellip;]<\/p>\n","protected":false},"author":17,"featured_media":5756,"comment_status":"closed","ping_status":"closed","sticky":false,"template":"","format":"standard","meta":{"jetpack_post_was_ever_published":false,"_jetpack_newsletter_access":"","_jetpack_dont_email_post_to_subs":false,"_jetpack_newsletter_tier_id":0,"_jetpack_memberships_contains_paywalled_content":false,"_jetpack_memberships_contains_paid_content":false,"footnotes":""},"categories":[105,2,54],"tags":[],"class_list":["post-8301","post","type-post","status-publish","format-standard","has-post-thumbnail","hentry","category-105","category-avisos-processos-selecao-publica-licitatorios","category-noticias"],"jetpack_featured_media_url":"https:\/\/i0.wp.com\/fundacoesufpel.com.br\/fdms\/wp-content\/uploads\/sites\/3\/2022\/04\/Selecao-Publica-fornecedor-preto.png?fit=288%2C192&ssl=1","jetpack_sharing_enabled":true,"jetpack_likes_enabled":true,"jetpack-related-posts":[{"id":8458,"url":"https:\/\/fundacoesufpel.com.br\/fdms\/2024\/06\/27\/selecao-publica-de-fornecedores-edital-006-2024-em-andamento\/","url_meta":{"origin":8301,"position":0},"title":"SELE\u00c7\u00c3O P\u00daBLICA DE FORNECEDORES \u2013 EDITAL 006\/2024 \u2013 FRACASSADA","author":"damiellicoelho","date":"27\/06\/2024","format":false,"excerpt":"PROCESSO ADMINISTRATIVO: 9843.180.424.0001 A\u00a0FUNDA\u00c7\u00c3O DELFIM MENDES SILVEIRA \u2013 FDMS, neste ato representado por seu Diretor-Presidente, C\u00e9sar Dalmolin Bergoli, inscrita no CNPJ sob o n\u00ba 03.703.102\/0001-61, pessoa jur\u00eddica de direito privado, com sede na Rua Lobo da Costa, n\u00ba 447, Centro, CEP: 96.010-150, Pelotas\/RS, torna p\u00fablico o processo de Sele\u00e7\u00e3o P\u00fablica\u2026","rel":"","context":"Em &quot;2024&quot;","block_context":{"text":"2024","link":"https:\/\/fundacoesufpel.com.br\/fdms\/category\/avisos-processos-selecao-publica-licitatorios\/2024\/"},"img":{"alt_text":"","src":"","width":0,"height":0},"classes":[]},{"id":8648,"url":"https:\/\/fundacoesufpel.com.br\/fdms\/2024\/08\/28\/selecao-publica-de-fornecedores-edital-009-2024-em-andamento\/","url_meta":{"origin":8301,"position":1},"title":"SELE\u00c7\u00c3O P\u00daBLICA DE FORNECEDORES \u2013 EDITAL 009\/2024 \u2013 CONCLU\u00cdDO","author":"damiellicoelho","date":"28\/08\/2024","format":false,"excerpt":"PROCESSO ADMINISTRATIVO: 6814.220724.0001 A\u00a0FUNDA\u00c7\u00c3O DELFIM MENDES SILVEIRA \u2013 FDMS, neste ato representado por seu Diretor-Presidente, C\u00e9sar Dalmolin Bergoli, inscrita no CNPJ sob o n\u00ba 03.703.102\/0001-61, pessoa jur\u00eddica de direito privado, com sede na Rua Lobo da Costa, n\u00ba 447, Centro, CEP: 96.010-150, Pelotas\/RS, torna p\u00fablico o processo de Sele\u00e7\u00e3o P\u00fablica\u2026","rel":"","context":"Em &quot;2024&quot;","block_context":{"text":"2024","link":"https:\/\/fundacoesufpel.com.br\/fdms\/category\/avisos-processos-selecao-publica-licitatorios\/2024\/"},"img":{"alt_text":"","src":"","width":0,"height":0},"classes":[]},{"id":8392,"url":"https:\/\/fundacoesufpel.com.br\/fdms\/2024\/05\/08\/selecao-publica-de-fornecedores-edital-004-2024-em-andamento\/","url_meta":{"origin":8301,"position":2},"title":"SELE\u00c7\u00c3O P\u00daBLICA DE FORNECEDORES \u2013 EDITAL 004\/2024 \u2013 CONCLU\u00cdDO","author":"","date":"08\/05\/2024","format":false,"excerpt":"PROCESSO ADMINISTRATIVO: 8698.221223.0001 A\u00a0FUNDA\u00c7\u00c3O DELFIM MENDES SILVEIRA \u2013 FDMS, neste ato representado por seu Diretor-Presidente, C\u00e9sar Dalmolin Bergoli, inscrita no CNPJ sob o n\u00ba 03.703.102\/0001-61, pessoa jur\u00eddica de direito privado, com sede na Rua Lobo da Costa, n\u00ba 447, Centro, CEP: 96.010-150, Pelotas\/RS, torna p\u00fablico o processo de Sele\u00e7\u00e3o P\u00fablica\u2026","rel":"","context":"Em &quot;2024&quot;","block_context":{"text":"2024","link":"https:\/\/fundacoesufpel.com.br\/fdms\/category\/avisos-processos-selecao-publica-licitatorios\/2024\/"},"img":{"alt_text":"","src":"https:\/\/i0.wp.com\/fundacoesufpel.com.br\/fdms\/wp-content\/uploads\/sites\/3\/2022\/04\/Selecao-Publica-fornecedor-preto.png?resize=350%2C200&ssl=1","width":350,"height":200},"classes":[]},{"id":8434,"url":"https:\/\/fundacoesufpel.com.br\/fdms\/2024\/05\/27\/selecao-publica-de-fornecedores-edital-005-2024-em-andamento\/","url_meta":{"origin":8301,"position":3},"title":"SELE\u00c7\u00c3O P\u00daBLICA DE FORNECEDORES \u2013 EDITAL 005\/2024 \u2013 CONCLU\u00cdDO","author":"","date":"27\/05\/2024","format":false,"excerpt":"PROCESSO ADMINISTRATIVO: 8698.040124.0001 A\u00a0FUNDA\u00c7\u00c3O DELFIM MENDES SILVEIRA \u2013 FDMS, neste ato representado por seu Diretor-Presidente, C\u00e9sar Dalmolin Bergoli, inscrita no CNPJ sob o n\u00ba 03.703.102\/0001-61, pessoa jur\u00eddica de direito privado, com sede na Rua Lobo da Costa, n\u00ba 447, Centro, CEP: 96.010-150, Pelotas\/RS, torna p\u00fablico o processo de Sele\u00e7\u00e3o P\u00fablica\u2026","rel":"","context":"Em &quot;2024&quot;","block_context":{"text":"2024","link":"https:\/\/fundacoesufpel.com.br\/fdms\/category\/avisos-processos-selecao-publica-licitatorios\/2024\/"},"img":{"alt_text":"","src":"","width":0,"height":0},"classes":[]},{"id":8263,"url":"https:\/\/fundacoesufpel.com.br\/fdms\/2024\/03\/27\/selecao-publica-de-fornecedores-edital-002-2024-em-andamento\/","url_meta":{"origin":8301,"position":4},"title":"SELE\u00c7\u00c3O P\u00daBLICA DE FORNECEDORES \u2013 EDITAL 002\/2024 \u2013 CONCLU\u00cdDO","author":"Elieser Hessler","date":"27\/03\/2024","format":false,"excerpt":"PROCESSO ADMINISTRATIVO: 9624.221223.0001 A\u00a0FUNDA\u00c7\u00c3O DELFIM MENDES SILVEIRA \u2013 FDMS, neste ato representado por seu Diretor-Presidente, C\u00e9sar Dalmolin Bergoli, inscrita no CNPJ sob o n\u00ba 03.703.102\/0001-61, pessoa jur\u00eddica de direito privado, com sede na Rua Lobo da Costa, n\u00ba 447, Centro, CEP: 96.010-150, Pelotas\/RS, torna p\u00fablico o processo de Sele\u00e7\u00e3o P\u00fablica\u2026","rel":"","context":"Em &quot;2024&quot;","block_context":{"text":"2024","link":"https:\/\/fundacoesufpel.com.br\/fdms\/category\/avisos-processos-selecao-publica-licitatorios\/2024\/"},"img":{"alt_text":"","src":"","width":0,"height":0},"classes":[]},{"id":8049,"url":"https:\/\/fundacoesufpel.com.br\/fdms\/2024\/01\/10\/selecao-publica-de-fornecedores-edital-001-2024-em-andamento\/","url_meta":{"origin":8301,"position":5},"title":"SELE\u00c7\u00c3O P\u00daBLICA DE FORNECEDORES \u2013 EDITAL 001\/2024 \u2013 CONCLU\u00cdDO","author":"Elieser Hessler","date":"10\/01\/2024","format":false,"excerpt":"PROCESSO ADMINISTRATIVO: 1070.301023.0001 A\u00a0FUNDA\u00c7\u00c3O DELFIM MENDES SILVEIRA \u2013 FDMS, neste ato representado por seu Diretor-Presidente, C\u00e9sar Dalmolin Bergoli, inscrita no CNPJ sob o n\u00ba 03.703.102\/0001-61, pessoa jur\u00eddica de direito privado, com sede na Rua Lobo da Costa, n\u00ba 447, Centro, CEP: 96.010-150, Pelotas\/RS, torna p\u00fablico o processo de Sele\u00e7\u00e3o P\u00fablica\u2026","rel":"","context":"Em &quot;2024&quot;","block_context":{"text":"2024","link":"https:\/\/fundacoesufpel.com.br\/fdms\/category\/avisos-processos-selecao-publica-licitatorios\/2024\/"},"img":{"alt_text":"","src":"","width":0,"height":0},"classes":[]}],"jetpack_shortlink":"https:\/\/wp.me\/pcrDaD-29T","_links":{"self":[{"href":"https:\/\/fundacoesufpel.com.br\/fdms\/wp-json\/wp\/v2\/posts\/8301","targetHints":{"allow":["GET"]}}],"collection":[{"href":"https:\/\/fundacoesufpel.com.br\/fdms\/wp-json\/wp\/v2\/posts"}],"about":[{"href":"https:\/\/fundacoesufpel.com.br\/fdms\/wp-json\/wp\/v2\/types\/post"}],"author":[{"embeddable":true,"href":"https:\/\/fundacoesufpel.com.br\/fdms\/wp-json\/wp\/v2\/users\/17"}],"replies":[{"embeddable":true,"href":"https:\/\/fundacoesufpel.com.br\/fdms\/wp-json\/wp\/v2\/comments?post=8301"}],"version-history":[{"count":3,"href":"https:\/\/fundacoesufpel.com.br\/fdms\/wp-json\/wp\/v2\/posts\/8301\/revisions"}],"predecessor-version":[{"id":9246,"href":"https:\/\/fundacoesufpel.com.br\/fdms\/wp-json\/wp\/v2\/posts\/8301\/revisions\/9246"}],"wp:featuredmedia":[{"embeddable":true,"href":"https:\/\/fundacoesufpel.com.br\/fdms\/wp-json\/wp\/v2\/media\/5756"}],"wp:attachment":[{"href":"https:\/\/fundacoesufpel.com.br\/fdms\/wp-json\/wp\/v2\/media?parent=8301"}],"wp:term":[{"taxonomy":"category","embeddable":true,"href":"https:\/\/fundacoesufpel.com.br\/fdms\/wp-json\/wp\/v2\/categories?post=8301"},{"taxonomy":"post_tag","embeddable":true,"href":"https:\/\/fundacoesufpel.com.br\/fdms\/wp-json\/wp\/v2\/tags?post=8301"}],"curies":[{"name":"wp","href":"https:\/\/api.w.org\/{rel}","templated":true}]}}