{"id":4923,"date":"2021-11-29T09:47:47","date_gmt":"2021-11-29T12:47:47","guid":{"rendered":"https:\/\/fundacoesufpel.com.br\/fdms\/?p=4923"},"modified":"2022-01-07T16:09:19","modified_gmt":"2022-01-07T19:09:19","slug":"edital-no-10-de-29-de-novembro-de-2021-aberto","status":"publish","type":"post","link":"https:\/\/fundacoesufpel.com.br\/fdms\/2021\/11\/29\/edital-no-10-de-29-de-novembro-de-2021-aberto\/","title":{"rendered":"EDITAL N\u00ba 10 DE 29 DE NOVEMBRO DE 2021 &#8211; ENCERRADO"},"content":{"rendered":"\n<p><\/p>\n\n\n\n<p class=\"has-text-align-center\"><strong>PROCESSO SELETIVO SIMPLIFICADO<\/strong> <strong>PARA CONTRATA\u00c7\u00c3O DE<\/strong><\/p>\n\n\n\n<p class=\"has-text-align-center\"><strong>BOLSISTA DE PESQUISA<\/strong><strong><\/strong><\/p>\n\n\n\n<p class=\"has-text-align-center\"><strong>&nbsp;PROJETO <\/strong><strong>GEST\u00c3O DA QUALIDADE DE MADEIRAS DE FLORESTAS PLANTADAS PARA PRODU\u00c7\u00c3O DE CELULOSE E DE PAPEL.<\/strong><strong><\/strong><\/p>\n\n\n\n<p class=\"has-text-align-center\">O Diretor Presidente da Funda\u00e7\u00e3o Delfim Mendes Silveira, Prof. C\u00e9sar Dalmolin Bergoli,&nbsp; no uso de suas atribui\u00e7\u00f5es estatut\u00e1rias, torna p\u00fablica a abertura de inscri\u00e7\u00f5es para o Processo Seletivo Simplificado para contrata\u00e7\u00e3o de bolsista de pesquisa: 1 (um) bolsista e 1 (um) suplente, pelo per\u00edodo de 10 (dez) meses, nos termos da Lei 8.958\/1994, Lei 10.973\/2014, Decreto 7.423\/2014, Lei 13.243\/2016 e Resolu\u00e7\u00e3o CONSUN\/UFPel n\u00b0 58\/2021 para o Projeto \u201cGEST\u00c3O DA QUALIDADE DE MADEIRAS DE FLORESTAS PLANTADAS PARA PRODU\u00c7\u00c3O DE CELULOSE E PAPEL\u201d Acordo C2020\/307.<\/p>\n\n\n\n<div class=\"wp-block-file\"><a href=\"https:\/\/fundacoesufpel.com.br\/fdms\/wp-content\/uploads\/sites\/3\/2021\/11\/EDITAL-No-10-DE-29-DE-NOVEMBRO-DE-2021-Clicksign.pdf\" target=\"_blank\" rel=\"noreferrer noopener\">EDITAL N\u00ba 10 DE 29 DE NOVEMBRO DE 2021 &#8211; Clicksign<\/a><a href=\"https:\/\/fundacoesufpel.com.br\/fdms\/wp-content\/uploads\/sites\/3\/2021\/11\/EDITAL-No-10-DE-29-DE-NOVEMBRO-DE-2021-Clicksign.pdf\" class=\"wp-block-file__button\" download>Baixar<\/a><\/div>\n\n\n\n<div class=\"wp-block-file\"><a href=\"https:\/\/fundacoesufpel.com.br\/fdms\/wp-content\/uploads\/sites\/3\/2021\/11\/RESULTADO-DA-PRIMEIRA-ETAPA.odt-Clicksign.pdf\">RESULTADO DA PRIMEIRA ETAPA.odt &#8211; Clicksign<\/a><a href=\"https:\/\/fundacoesufpel.com.br\/fdms\/wp-content\/uploads\/sites\/3\/2021\/11\/RESULTADO-DA-PRIMEIRA-ETAPA.odt-Clicksign.pdf\" class=\"wp-block-file__button\" download>Baixar<\/a><\/div>\n\n\n\n<div class=\"wp-block-file\"><a href=\"https:\/\/fundacoesufpel.com.br\/fdms\/wp-content\/uploads\/sites\/3\/2021\/11\/HORARIOS-DAS-ENTREVISTAS-Clicksign-3.pdf\">HOR\u00c1RIOS DAS ENTREVISTAS &#8211; Clicksign (3)<\/a><a href=\"https:\/\/fundacoesufpel.com.br\/fdms\/wp-content\/uploads\/sites\/3\/2021\/11\/HORARIOS-DAS-ENTREVISTAS-Clicksign-3.pdf\" class=\"wp-block-file__button\" download>Baixar<\/a><\/div>\n\n\n\n<div class=\"wp-block-file\"><a href=\"https:\/\/fundacoesufpel.com.br\/fdms\/wp-content\/uploads\/sites\/3\/2021\/11\/RESULTADO-DA-SEGUNDA-ETAPA-Clicksign-2.pdf\">RESULTADO DA SEGUNDA ETAPA &#8211; Clicksign (2)<\/a><a href=\"https:\/\/fundacoesufpel.com.br\/fdms\/wp-content\/uploads\/sites\/3\/2021\/11\/RESULTADO-DA-SEGUNDA-ETAPA-Clicksign-2.pdf\" class=\"wp-block-file__button\" download>Baixar<\/a><\/div>\n\n\n\n<div class=\"wp-block-file\"><a href=\"https:\/\/fundacoesufpel.com.br\/fdms\/wp-content\/uploads\/sites\/3\/2021\/11\/RESULTADO-FINAL-Clicksign-3.pdf\" target=\"_blank\" rel=\"noreferrer noopener\">RESULTADO FINAL &#8211; Clicksign (3)<\/a><a href=\"https:\/\/fundacoesufpel.com.br\/fdms\/wp-content\/uploads\/sites\/3\/2021\/11\/RESULTADO-FINAL-Clicksign-3.pdf\" class=\"wp-block-file__button\" download>Baixar<\/a><\/div>\n","protected":false},"excerpt":{"rendered":"<p>PROCESSO SELETIVO SIMPLIFICADO PARA CONTRATA\u00c7\u00c3O DE BOLSISTA DE PESQUISA &nbsp;PROJETO GEST\u00c3O DA QUALIDADE DE MADEIRAS DE FLORESTAS PLANTADAS PARA PRODU\u00c7\u00c3O [&hellip;]<\/p>\n","protected":false},"author":2,"featured_media":0,"comment_status":"closed","ping_status":"closed","sticky":false,"template":"","format":"standard","meta":{"jetpack_post_was_ever_published":false,"_jetpack_newsletter_access":"","_jetpack_dont_email_post_to_subs":false,"_jetpack_newsletter_tier_id":0,"_jetpack_memberships_contains_paywalled_content":false,"_jetpack_memberships_contains_paid_content":false,"footnotes":""},"categories":[11],"tags":[],"class_list":["post-4923","post","type-post","status-publish","format-standard","hentry","category-processos-seletivos"],"jetpack_featured_media_url":"","jetpack_sharing_enabled":true,"jetpack_likes_enabled":true,"jetpack-related-posts":[{"id":11014,"url":"https:\/\/fundacoesufpel.com.br\/fdms\/2026\/03\/30\/edital-no-10-de-30-de-marco-de-2026-aberto\/","url_meta":{"origin":4923,"position":0},"title":"EDITAL N\u00ba 10 DE 30 DE MAR\u00c7O DE 2026- FECHADO","author":"Isadora Martins","date":"30\/03\/2026","format":false,"excerpt":"PROCESSO SELETIVO SIMPLIFICADO PARA CONTRATA\u00c7\u00c3O DEBOLSISTA DE PESQUISA - GRADUA\u00c7\u00c3OACORDO DE PARCERIA PARA PESQUISA, DESENVOLVIMENTO E INOVA\u00c7\u00c3O INOVAAGROUFPEL O Diretor Presidente da Funda\u00e7\u00e3o Delfim Mendes Silveira, Prof. C\u00e9sar Dalmolin Bergoli, no uso de suasatribui\u00e7\u00f5es estatut\u00e1rias, torna p\u00fablica a abertura de inscri\u00e7\u00f5es para o Processo Seletivo Simplificadopara contrata\u00e7\u00e3o de bolsista de\u2026","rel":"","context":"Em &quot;Not\u00edcias&quot;","block_context":{"text":"Not\u00edcias","link":"https:\/\/fundacoesufpel.com.br\/fdms\/category\/noticias\/"},"img":{"alt_text":"","src":"","width":0,"height":0},"classes":[]},{"id":7757,"url":"https:\/\/fundacoesufpel.com.br\/fdms\/2023\/10\/13\/edital-no-22-de-13-de-outubro-de-2023-aberto\/","url_meta":{"origin":4923,"position":1},"title":"EDITAL N\u00ba 22 DE 13 DE OUTUBRO DE 2023 &#8211; FECHADO","author":"","date":"13\/10\/2023","format":false,"excerpt":"PROCESSO SELETIVO SIMPLIFICADO PARA CONTRATA\u00c7\u00c3O DEBOLSISTA DE PESQUISAPROJETO DESENVOLVIMENTO DE PROCESSOS PARA SUSTENTABILIDADE EM ATERROSSANIT\u00c1RIOS DE RES\u00cdDUOS S\u00d3LIDOS O Diretor Presidente da Funda\u00e7\u00e3o Delfim Mendes Silveira, Prof. C\u00e9sar Dalmolin Bergoli, no uso de suas atribui\u00e7\u00f5es estatut\u00e1rias, torna p\u00fablica a abertura de inscri\u00e7\u00f5es para o Processo Seletivo Simplificado para contrata\u00e7\u00e3o de\u2026","rel":"","context":"Em &quot;Comunicados&quot;","block_context":{"text":"Comunicados","link":"https:\/\/fundacoesufpel.com.br\/fdms\/category\/comunicados\/"},"img":{"alt_text":"","src":"","width":0,"height":0},"classes":[]},{"id":7750,"url":"https:\/\/fundacoesufpel.com.br\/fdms\/2023\/10\/11\/edital-no-21-de-11-de-outubro-de-2023-aberto\/","url_meta":{"origin":4923,"position":2},"title":"EDITAL N\u00ba 21 DE 11 DE OUTUBRO DE 2023 &#8211; FECHADO","author":"","date":"11\/10\/2023","format":false,"excerpt":"PROCESSO SELETIVO SIMPLIFICADO PARA CONTRATA\u00c7\u00c3O DEBOLSISTA DE PESQUISAPROJETO CENTRO DE INOVA\u00c7A\u00d5 EM INTELIG\u00caNCIA ARTIFICIAL \u2013 FASE 1 O Diretor Presidente da Funda\u00e7\u00e3o Delfim Mendes Silveira, Prof. C\u00e9sar Dalmolin Bergoli, no uso de suas atribui\u00e7\u00f5es estatut\u00e1rias, torna p\u00fablica a abertura de inscri\u00e7\u00f5es para o Processo Seletivo Simplificado para contrata\u00e7\u00e3o de bolsista\u2026","rel":"","context":"Em &quot;Comunicados&quot;","block_context":{"text":"Comunicados","link":"https:\/\/fundacoesufpel.com.br\/fdms\/category\/comunicados\/"},"img":{"alt_text":"","src":"","width":0,"height":0},"classes":[]},{"id":7740,"url":"https:\/\/fundacoesufpel.com.br\/fdms\/2023\/10\/03\/edital-no-18-de-03-de-outubro-de-2023-aberto\/","url_meta":{"origin":4923,"position":3},"title":"EDITAL N\u00ba 18 DE 03 DE OUTUBRO DE 2023 &#8211; FECHADO","author":"","date":"03\/10\/2023","format":false,"excerpt":"LOCAL-E-HORARIO-DAS-ENTREVISTAS.docx-Clicksign-1Baixar PROCESSO SELETIVO SIMPLIFICADO PARA CONTRATA\u00c7\u00c3O DEBOLSISTA DE PESQUISAPROJETO GEST\u00c3O DA QUALIDADE DE MADEIRAS DE FLORESTAS PLANTADAS PARAPRODU\u00c7\u00c3O DE CELULOSE E PAPEL O Diretor Presidente da Funda\u00e7\u00e3o Delfim Mendes Silveira, Prof. C\u00e9sar Dalmolin Bergoli, no uso de suas atribui\u00e7\u00f5es estatut\u00e1rias, torna p\u00fablica a abertura de inscri\u00e7\u00f5es para o Processo Seletivo\u2026","rel":"","context":"Em &quot;Comunicados&quot;","block_context":{"text":"Comunicados","link":"https:\/\/fundacoesufpel.com.br\/fdms\/category\/comunicados\/"},"img":{"alt_text":"","src":"","width":0,"height":0},"classes":[]},{"id":7106,"url":"https:\/\/fundacoesufpel.com.br\/fdms\/2023\/03\/09\/edital-no-04-de-09-de-marco-de-2023-aberto\/","url_meta":{"origin":4923,"position":4},"title":"EDITAL N\u00ba 04 DE 09 DE MAR\u00c7O DE 2023 (FECHADO)","author":"","date":"09\/03\/2023","format":false,"excerpt":"PROCESSO SELETIVO SIMPLIFICADO PARA CONTRATA\u00c7\u00c3O DE BOLSISTA DE PESQUISA PROJETO CENTRO DE INOVA\u00c7\u00c3O EM INTELIG\u00caNCIA ARTIFICIAL \u2013 FASE 1 O Diretor Presidente da Funda\u00e7\u00e3o Delfim Mendes Silveira, Prof. C\u00e9sar Dalmolin Bergoli, no uso de suasatribui\u00e7\u00f5es estatut\u00e1rias, torna p\u00fablica a abertura de inscri\u00e7\u00f5es para o Processo Seletivo Simplificadopara contrata\u00e7\u00e3o de bolsista\u2026","rel":"","context":"Em &quot;Comunicados&quot;","block_context":{"text":"Comunicados","link":"https:\/\/fundacoesufpel.com.br\/fdms\/category\/comunicados\/"},"img":{"alt_text":"","src":"","width":0,"height":0},"classes":[]},{"id":10264,"url":"https:\/\/fundacoesufpel.com.br\/fdms\/2025\/10\/21\/edital-no-43-de-21-de-outubro-de-2025-aberto\/","url_meta":{"origin":4923,"position":5},"title":"EDITAL N\u00ba 43 DE 21 DE OUTUBRO DE 2025- FECHADO","author":"Isadora Martins","date":"21\/10\/2025","format":false,"excerpt":"PROCESSO SELETIVO SIMPLIFICADO PARA CONTRATA\u00c7\u00c3O DEBOLSISTA DE PESQUISA \u2013 GRADUA\u00c7\u00c3OPROJETO EMBPAR GAMIFICA\u00c7\u00c3O. O Diretor Presidente da Funda\u00e7\u00e3o Delfim Mendes Silveira, Prof. C\u00e9sar Dalmolin Bergoli, no uso desuas atribui\u00e7\u00f5es estatut\u00e1rias, torna p\u00fablica a abertura de inscri\u00e7\u00f5es para o Processo SeletivoSimplificado para contrata\u00e7\u00e3o de bolsista de pesquisa: 1 (um) bolsista de gradua\u00e7\u00e3o\u2026","rel":"","context":"Em &quot;Not\u00edcias Destacadas&quot;","block_context":{"text":"Not\u00edcias Destacadas","link":"https:\/\/fundacoesufpel.com.br\/fdms\/category\/noticias-destacadas\/"},"img":{"alt_text":"","src":"","width":0,"height":0},"classes":[]}],"jetpack_shortlink":"https:\/\/wp.me\/pcrDaD-1hp","_links":{"self":[{"href":"https:\/\/fundacoesufpel.com.br\/fdms\/wp-json\/wp\/v2\/posts\/4923","targetHints":{"allow":["GET"]}}],"collection":[{"href":"https:\/\/fundacoesufpel.com.br\/fdms\/wp-json\/wp\/v2\/posts"}],"about":[{"href":"https:\/\/fundacoesufpel.com.br\/fdms\/wp-json\/wp\/v2\/types\/post"}],"author":[{"embeddable":true,"href":"https:\/\/fundacoesufpel.com.br\/fdms\/wp-json\/wp\/v2\/users\/2"}],"replies":[{"embeddable":true,"href":"https:\/\/fundacoesufpel.com.br\/fdms\/wp-json\/wp\/v2\/comments?post=4923"}],"version-history":[{"count":11,"href":"https:\/\/fundacoesufpel.com.br\/fdms\/wp-json\/wp\/v2\/posts\/4923\/revisions"}],"predecessor-version":[{"id":5130,"href":"https:\/\/fundacoesufpel.com.br\/fdms\/wp-json\/wp\/v2\/posts\/4923\/revisions\/5130"}],"wp:attachment":[{"href":"https:\/\/fundacoesufpel.com.br\/fdms\/wp-json\/wp\/v2\/media?parent=4923"}],"wp:term":[{"taxonomy":"category","embeddable":true,"href":"https:\/\/fundacoesufpel.com.br\/fdms\/wp-json\/wp\/v2\/categories?post=4923"},{"taxonomy":"post_tag","embeddable":true,"href":"https:\/\/fundacoesufpel.com.br\/fdms\/wp-json\/wp\/v2\/tags?post=4923"}],"curies":[{"name":"wp","href":"https:\/\/api.w.org\/{rel}","templated":true}]}}