{"id":11097,"date":"2026-04-23T11:36:46","date_gmt":"2026-04-23T14:36:46","guid":{"rendered":"https:\/\/fundacoesufpel.com.br\/fdms\/?p=11097"},"modified":"2026-04-23T11:36:47","modified_gmt":"2026-04-23T14:36:47","slug":"selecao-publica-de-fornecedores-edital-008-2026","status":"publish","type":"post","link":"https:\/\/fundacoesufpel.com.br\/fdms\/2026\/04\/23\/selecao-publica-de-fornecedores-edital-008-2026\/","title":{"rendered":"SELE\u00c7\u00c3O P\u00daBLICA DE FORNECEDORES &#8211; EDITAL 008\/2026"},"content":{"rendered":"\n<p>A FUNDA\u00c7\u00c3O DELFIM MENDES SILVEIRA \u2013 FDMS, pessoa jur\u00eddica de direito privado, inscrita no CNPJ sob o n\u00ba 03.703.102\/0001-61, com sede na Rua Lobo da Costa, n\u00ba 447, Centro, CEP: 96.010-50, Pelotas\/RS, por meio de seu Diretor Presidente C\u00e9sar Dalmolin Bergoli, torna p\u00fablica a Sele\u00e7\u00e3o P\u00fablica de Fornecedores a ser regida pelo Decreto n\u00ba 8.241\/2014, e subordinada \u00e0s condi\u00e7\u00f5es e exig\u00eancias estabelecidas neste Edital e seus Anexos.<\/p>\n\n\n\n<p>Esta Sele\u00e7\u00e3o P\u00fablica de Fornecedores tem por objeto formalizar um Termo de Compromisso de Fornecimento, em conson\u00e2ncia ao Decreto n\u00ba 8.241\/2014, para a aquisi\u00e7\u00e3o de equipamentos laboratoriais, para atender a demanda do projeto CF_29\/2025_SOBERANIA ALIMENTAR.<\/p>\n\n\n\n<div data-wp-interactive=\"core\/file\" class=\"wp-block-file\"><object data-wp-bind--hidden=\"!state.hasPdfPreview\" hidden class=\"wp-block-file__embed\" data=\"https:\/\/fundacoesufpel.com.br\/fdms\/wp-content\/uploads\/sites\/3\/2026\/04\/EDITAL-008-2026-SOBERANIA-ALIMENTAR-Clicksign.pdf\" type=\"application\/pdf\" style=\"width:100%;height:600px\" aria-label=\"Incorporado de EDITAL 008-2026 SOBERANIA ALIMENTAR - Clicksign.\"><\/object><a id=\"wp-block-file--media-e962bb6c-b8fe-4b59-9f67-9bb37419e114\" href=\"https:\/\/fundacoesufpel.com.br\/fdms\/wp-content\/uploads\/sites\/3\/2026\/04\/EDITAL-008-2026-SOBERANIA-ALIMENTAR-Clicksign.pdf\">EDITAL 008-2026 SOBERANIA ALIMENTAR &#8211; Clicksign<\/a><a href=\"https:\/\/fundacoesufpel.com.br\/fdms\/wp-content\/uploads\/sites\/3\/2026\/04\/EDITAL-008-2026-SOBERANIA-ALIMENTAR-Clicksign.pdf\" class=\"wp-block-file__button wp-element-button\" download aria-describedby=\"wp-block-file--media-e962bb6c-b8fe-4b59-9f67-9bb37419e114\">Baixar<\/a><\/div>\n\n\n\n<div data-wp-interactive=\"core\/file\" class=\"wp-block-file\"><object data-wp-bind--hidden=\"!state.hasPdfPreview\" hidden class=\"wp-block-file__embed\" data=\"https:\/\/fundacoesufpel.com.br\/fdms\/wp-content\/uploads\/sites\/3\/2026\/04\/Extrato-de-publicacao-008_2026-BLLCOMPRAS.pdf\" type=\"application\/pdf\" style=\"width:100%;height:600px\" aria-label=\"Incorporado de Extrato de publica\u00e7\u00e3o 008_2026 - BLLCOMPRAS.\"><\/object><a id=\"wp-block-file--media-d5ca5b6f-5c02-48db-ab35-d80885390849\" href=\"https:\/\/fundacoesufpel.com.br\/fdms\/wp-content\/uploads\/sites\/3\/2026\/04\/Extrato-de-publicacao-008_2026-BLLCOMPRAS.pdf\">Extrato de publica\u00e7\u00e3o 008_2026 &#8211; BLLCOMPRAS<\/a><a href=\"https:\/\/fundacoesufpel.com.br\/fdms\/wp-content\/uploads\/sites\/3\/2026\/04\/Extrato-de-publicacao-008_2026-BLLCOMPRAS.pdf\" class=\"wp-block-file__button wp-element-button\" download aria-describedby=\"wp-block-file--media-d5ca5b6f-5c02-48db-ab35-d80885390849\">Baixar<\/a><\/div>\n\n\n\n<p><\/p>\n","protected":false},"excerpt":{"rendered":"<p>A FUNDA\u00c7\u00c3O DELFIM MENDES SILVEIRA \u2013 FDMS, pessoa jur\u00eddica de direito privado, inscrita no CNPJ sob o n\u00ba 03.703.102\/0001-61, com [&hellip;]<\/p>\n","protected":false},"author":21,"featured_media":5756,"comment_status":"closed","ping_status":"closed","sticky":false,"template":"","format":"standard","meta":{"jetpack_post_was_ever_published":false,"_jetpack_newsletter_access":"","_jetpack_dont_email_post_to_subs":false,"_jetpack_newsletter_tier_id":0,"_jetpack_memberships_contains_paywalled_content":false,"_jetpack_memberships_contains_paid_content":false,"footnotes":""},"categories":[113,54,68],"tags":[],"class_list":["post-11097","post","type-post","status-publish","format-standard","has-post-thumbnail","hentry","category-113","category-noticias","category-noticias-destacadas"],"jetpack_featured_media_url":"https:\/\/i0.wp.com\/fundacoesufpel.com.br\/fdms\/wp-content\/uploads\/sites\/3\/2022\/04\/Selecao-Publica-fornecedor-preto.png?fit=288%2C192&ssl=1","jetpack_sharing_enabled":true,"jetpack_likes_enabled":true,"jetpack-related-posts":[{"id":11033,"url":"https:\/\/fundacoesufpel.com.br\/fdms\/2026\/04\/02\/selecao-publica-de-fornecedores-edital-020-2026\/","url_meta":{"origin":11097,"position":0},"title":"SELE\u00c7\u00c3O P\u00daBLICA DE FORNECEDORES EDITAL: 020\/2026","author":"Gabriela Martins","date":"02\/04\/2026","format":false,"excerpt":"A FUNDA\u00c7\u00c3O DELFIM MENDES SILVEIRA \u2013 FDMS, pessoa jur\u00eddica de direito privado, inscrita no CNPJ sob o n\u00ba 03.703.102\/0001-61, com sede na Rua Lobo da Costa, n\u00ba 447, Centro, CEP: 96.010-50, Pelotas\/RS, por meio de seu Diretor Presidente C\u00e9sar Dalmolin Bergoli, torna p\u00fablica a Sele\u00e7\u00e3o P\u00fablica de Fornecedores a ser\u2026","rel":"","context":"Em &quot;2026&quot;","block_context":{"text":"2026","link":"https:\/\/fundacoesufpel.com.br\/fdms\/category\/avisos-processos-selecao-publica-licitatorios\/2026\/"},"img":{"alt_text":"","src":"","width":0,"height":0},"classes":[]},{"id":10733,"url":"https:\/\/fundacoesufpel.com.br\/fdms\/2026\/01\/19\/selecao-publica-de-fornecedores-edital-006-2026\/","url_meta":{"origin":11097,"position":1},"title":"SELE\u00c7\u00c3O P\u00daBLICA DE FORNECEDORES &#8211; Edital 006\/2026","author":"Renata Tajes","date":"19\/01\/2026","format":false,"excerpt":"PROCESSO ADMINISTRATIVO: 95370801260002UASG: 459722 A FUNDA\u00c7\u00c3O DELFIM MENDES SILVEIRA \u2013 FDMS, pessoa jur\u00eddica de direito privado, inscrita no CNPJ sob o n\u00ba 03.703.102\/0001-61, com sede na Rua Lobo da Costa, n\u00ba 447, Centro, CEP: 96.010-50, Pelotas\/RS, por meio de seu Diretor Presidente C\u00e9sar Dalmolin Bergoli, torna p\u00fablica a Sele\u00e7\u00e3o P\u00fablica\u2026","rel":"","context":"Em &quot;2025&quot;","block_context":{"text":"2025","link":"https:\/\/fundacoesufpel.com.br\/fdms\/category\/avisos-processos-selecao-publica-licitatorios\/2025\/"},"img":{"alt_text":"","src":"","width":0,"height":0},"classes":[]},{"id":10710,"url":"https:\/\/fundacoesufpel.com.br\/fdms\/2026\/01\/07\/selecao-publica-de-fornecedores-edital-004-2026\/","url_meta":{"origin":11097,"position":2},"title":"SELE\u00c7\u00c3O P\u00daBLICA DE FORNECEDORES &#8211; EDITAL 004\/2026","author":"Renata Tajes","date":"07\/01\/2026","format":false,"excerpt":"PROCESSO ADMINISTRATIVO: 97940112250001UASG: 459722 A FUNDA\u00c7\u00c3O DELFIM MENDES SILVEIRA \u2013 FDMS, pessoa jur\u00eddica de direito privado, inscrita no CNPJ sob o n\u00ba 03.703.102\/0001-61, com sede na Rua Lobo da Costa, n\u00ba 447, Centro, CEP: 96.010-50, Pelotas\/RS, por meio de seu Diretor Presidente C\u00e9sar Dalmolin Bergoli, torna p\u00fablica a Sele\u00e7\u00e3o P\u00fablica\u2026","rel":"","context":"Em &quot;2025&quot;","block_context":{"text":"2025","link":"https:\/\/fundacoesufpel.com.br\/fdms\/category\/avisos-processos-selecao-publica-licitatorios\/2025\/"},"img":{"alt_text":"","src":"","width":0,"height":0},"classes":[]},{"id":10750,"url":"https:\/\/fundacoesufpel.com.br\/fdms\/2026\/01\/23\/selecao-publica-de-fornecedores-edital-003-2026\/","url_meta":{"origin":11097,"position":3},"title":"SELE\u00c7\u00c3O P\u00daBLICA DE FORNECEDORES &#8211; EDITAL 003\/2026","author":"Renata Tajes","date":"23\/01\/2026","format":false,"excerpt":"PROCESSO ADMINISTRATIVO: 16841401260002UASG: 459722 A FUNDA\u00c7\u00c3O DELFIM MENDES SILVEIRA \u2013 FDMS, pessoa jur\u00eddica de direito privado, inscrita no CNPJ sob o n\u00ba 03.703.102\/0001-61, com sede na Rua Lobo da Costa, n\u00ba 447, Centro, CEP: 96.010-50, Pelotas\/RS, por meio de seu Diretor Presidente C\u00e9sar Dalmolin Bergoli, torna p\u00fablica a Sele\u00e7\u00e3o P\u00fablica\u2026","rel":"","context":"Em &quot;2025&quot;","block_context":{"text":"2025","link":"https:\/\/fundacoesufpel.com.br\/fdms\/category\/avisos-processos-selecao-publica-licitatorios\/2025\/"},"img":{"alt_text":"","src":"","width":0,"height":0},"classes":[]},{"id":10754,"url":"https:\/\/fundacoesufpel.com.br\/fdms\/2026\/01\/23\/selecao-publica-de-fornecedores-edital-001-2026\/","url_meta":{"origin":11097,"position":4},"title":"SELE\u00c7\u00c3O P\u00daBLICA DE FORNECEDORES &#8211; EDITAL 001\/2026","author":"Renata Tajes","date":"23\/01\/2026","format":false,"excerpt":"PROCESSO ADMINISTRATIVO: 8135.080725.0002UASG: 459722 A FUNDA\u00c7\u00c3O DELFIM MENDES SILVEIRA \u2013 FDMS, pessoa jur\u00eddica de direito privado, inscrita no CNPJ sob o n\u00ba 03.703.102\/0001-61, com sede na Rua Lobo da Costa, n\u00ba 447, Centro, CEP: 96.010-50, Pelotas\/RS, por meio de seu Diretor Presidente C\u00e9sar Dalmolin Bergoli, torna p\u00fablica a Sele\u00e7\u00e3o P\u00fablica\u2026","rel":"","context":"Em &quot;2025&quot;","block_context":{"text":"2025","link":"https:\/\/fundacoesufpel.com.br\/fdms\/category\/avisos-processos-selecao-publica-licitatorios\/2025\/"},"img":{"alt_text":"","src":"","width":0,"height":0},"classes":[]},{"id":10759,"url":"https:\/\/fundacoesufpel.com.br\/fdms\/2026\/01\/23\/selecao-publica-de-fornecedores-edital-007-2026\/","url_meta":{"origin":11097,"position":5},"title":"SELE\u00c7\u00c3O P\u00daBLICA DE FORNECEDORES &#8211; EDITAL 007\/2026","author":"Renata Tajes","date":"23\/01\/2026","format":false,"excerpt":"UASG: 459722PROCESSO: 95370701260005 A FUNDA\u00c7\u00c3O DELFIM MENDES SILVEIRA \u2013 FDMS, pessoa jur\u00eddica de direito privado, inscrita no CNPJ sob o n\u00ba 03.703.102\/0001-61, com sede na Rua Lobo daCosta, n\u00ba 447, Centro, CEP: 96.010-50, Pelotas\/RS, por meio de seu Diretor Presidente C\u00e9sar Dalmolin Bergoli, torna p\u00fablica a Sele\u00e7\u00e3o P\u00fablica de Fornecedoresa\u2026","rel":"","context":"Em &quot;2025&quot;","block_context":{"text":"2025","link":"https:\/\/fundacoesufpel.com.br\/fdms\/category\/avisos-processos-selecao-publica-licitatorios\/2025\/"},"img":{"alt_text":"","src":"","width":0,"height":0},"classes":[]}],"jetpack_shortlink":"https:\/\/wp.me\/pcrDaD-2SZ","_links":{"self":[{"href":"https:\/\/fundacoesufpel.com.br\/fdms\/wp-json\/wp\/v2\/posts\/11097","targetHints":{"allow":["GET"]}}],"collection":[{"href":"https:\/\/fundacoesufpel.com.br\/fdms\/wp-json\/wp\/v2\/posts"}],"about":[{"href":"https:\/\/fundacoesufpel.com.br\/fdms\/wp-json\/wp\/v2\/types\/post"}],"author":[{"embeddable":true,"href":"https:\/\/fundacoesufpel.com.br\/fdms\/wp-json\/wp\/v2\/users\/21"}],"replies":[{"embeddable":true,"href":"https:\/\/fundacoesufpel.com.br\/fdms\/wp-json\/wp\/v2\/comments?post=11097"}],"version-history":[{"count":1,"href":"https:\/\/fundacoesufpel.com.br\/fdms\/wp-json\/wp\/v2\/posts\/11097\/revisions"}],"predecessor-version":[{"id":11100,"href":"https:\/\/fundacoesufpel.com.br\/fdms\/wp-json\/wp\/v2\/posts\/11097\/revisions\/11100"}],"wp:featuredmedia":[{"embeddable":true,"href":"https:\/\/fundacoesufpel.com.br\/fdms\/wp-json\/wp\/v2\/media\/5756"}],"wp:attachment":[{"href":"https:\/\/fundacoesufpel.com.br\/fdms\/wp-json\/wp\/v2\/media?parent=11097"}],"wp:term":[{"taxonomy":"category","embeddable":true,"href":"https:\/\/fundacoesufpel.com.br\/fdms\/wp-json\/wp\/v2\/categories?post=11097"},{"taxonomy":"post_tag","embeddable":true,"href":"https:\/\/fundacoesufpel.com.br\/fdms\/wp-json\/wp\/v2\/tags?post=11097"}],"curies":[{"name":"wp","href":"https:\/\/api.w.org\/{rel}","templated":true}]}}