{"id":11093,"date":"2026-04-22T10:52:11","date_gmt":"2026-04-22T13:52:11","guid":{"rendered":"https:\/\/fundacoesufpel.com.br\/fdms\/?p=11093"},"modified":"2026-04-22T10:52:13","modified_gmt":"2026-04-22T13:52:13","slug":"edital-no-11-de-22-de-abril-de-2026-aberto","status":"publish","type":"post","link":"https:\/\/fundacoesufpel.com.br\/fdms\/2026\/04\/22\/edital-no-11-de-22-de-abril-de-2026-aberto\/","title":{"rendered":"EDITAL N\u00ba 11 DE 22 DE ABRIL DE 2026 &#8211; ABERTO"},"content":{"rendered":"\n<p><strong>PROCESSO SELETIVO SIMPLIFICADO<\/strong> <strong>PARA CONTRATA\u00c7\u00c3O DE<\/strong> <strong>BOLSISTA DE PESQUISA &#8211; GRADUA\u00c7\u00c3O<\/strong> <strong>ACORDO DE PARCERIA DE EST\u00cdMULO \u00c0 INOVA\u00c7\u00c3O PARA A CONSTITUI\u00c7\u00c3O DE ALIAN\u00c7A ESTRAT\u00c9GICA PARA A FORMA\u00c7\u00c3O DO<\/strong> <strong>AMBIENTE PROMOTOR DE INOVA\u00c7\u00c3O<\/strong><\/p>\n\n\n\n<p class=\"has-text-align-center\">O Diretor Presidente da Funda\u00e7\u00e3o Delfim Mendes Silveira, Prof. C\u00e9sar Dalmolin Bergoli, no uso de suas atribui\u00e7\u00f5es estatut\u00e1rias, torna p\u00fablica a abertura de inscri\u00e7\u00f5es para o Processo Seletivo Simplificado para contrata\u00e7\u00e3o de bolsista de pesquisa: 5 (cinco) bolsistas e 15 (quinze) suplentes, pelo per\u00edodo de 12 (doze) meses, nos termos da Lei 8.958\/1994, Lei 10.973\/2014, Decreto 7.423\/2014, Lei 13.243\/2016 e Resolu\u00e7\u00e3o CONSUN\/UFPel n\u00b0 108\/2023 para o Projeto \u201cACORDO DE PARCERIA DE EST\u00cdMULO \u00c0 INOVA\u00c7\u00c3O PARA A CONSTITUI\u00c7\u00c3O DE ALIAN\u00c7A ESTRAT\u00c9GICA PARA A FORMA\u00c7\u00c3O DO AMBIENTE PROMOTOR DE INOVA\u00c7\u00c3O\u201d.<\/p>\n\n\n\n<div data-wp-interactive=\"core\/file\" class=\"wp-block-file\"><object data-wp-bind--hidden=\"!state.hasPdfPreview\" hidden class=\"wp-block-file__embed\" data=\"https:\/\/fundacoesufpel.com.br\/fdms\/wp-content\/uploads\/sites\/3\/2026\/04\/EDITAL-N\u00b0-11-DE-22-DE-ABRIL-DE-2026.docx-Clicksign.pdf\" type=\"application\/pdf\" style=\"width:100%;height:600px\" aria-label=\"Incorporado de EDITAL N\u00b0 11 DE 22 DE ABRIL DE 2026.docx - Clicksign.\"><\/object><a id=\"wp-block-file--media-961f4a49-e047-4de5-a7f9-bdf811802f34\" href=\"https:\/\/fundacoesufpel.com.br\/fdms\/wp-content\/uploads\/sites\/3\/2026\/04\/EDITAL-N\u00b0-11-DE-22-DE-ABRIL-DE-2026.docx-Clicksign.pdf\" target=\"_blank\" rel=\"noreferrer noopener\">EDITAL N\u00b0 11 DE 22 DE ABRIL DE 2026.docx &#8211; Clicksign<\/a><a href=\"https:\/\/fundacoesufpel.com.br\/fdms\/wp-content\/uploads\/sites\/3\/2026\/04\/EDITAL-N\u00b0-11-DE-22-DE-ABRIL-DE-2026.docx-Clicksign.pdf\" class=\"wp-block-file__button wp-element-button\" download aria-describedby=\"wp-block-file--media-961f4a49-e047-4de5-a7f9-bdf811802f34\">Baixar<\/a><\/div>\n\n\n<div>You need to add a widget, row, or prebuilt layout before you&#8217;ll see anything here. \ud83d\ude42<\/div>\n\n\n<p><\/p>\n","protected":false},"excerpt":{"rendered":"<p>PROCESSO SELETIVO SIMPLIFICADO PARA CONTRATA\u00c7\u00c3O DE BOLSISTA DE PESQUISA &#8211; GRADUA\u00c7\u00c3O ACORDO DE PARCERIA DE EST\u00cdMULO \u00c0 INOVA\u00c7\u00c3O PARA A [&hellip;]<\/p>\n","protected":false},"author":5,"featured_media":0,"comment_status":"closed","ping_status":"closed","sticky":false,"template":"","format":"standard","meta":{"jetpack_post_was_ever_published":false,"_jetpack_newsletter_access":"","_jetpack_dont_email_post_to_subs":true,"_jetpack_newsletter_tier_id":0,"_jetpack_memberships_contains_paywalled_content":false,"_jetpack_memberships_contains_paid_content":false,"footnotes":""},"categories":[54,11,1],"tags":[],"class_list":["post-11093","post","type-post","status-publish","format-standard","hentry","category-noticias","category-processos-seletivos","category-sem-categoria"],"jetpack_featured_media_url":"","jetpack_sharing_enabled":true,"jetpack_likes_enabled":true,"jetpack-related-posts":[{"id":11058,"url":"https:\/\/fundacoesufpel.com.br\/fdms\/2026\/04\/14\/edital-no-11-de-14-de-abril-de-2026-aberto\/","url_meta":{"origin":11093,"position":0},"title":"EDITAL N\u00ba 11 DE 14 DE ABRIL DE 2026-ABERTO","author":"Isadora Martins","date":"14\/04\/2026","format":false,"excerpt":"PROCESSO SELETIVO SIMPLIFICADO PARA CONTRATA\u00c7\u00c3O DEBOLSISTA DE PESQUISA - GRADUA\u00c7\u00c3OACORDO DE PARCERIA DE EST\u00cdMULO \u00c0 INOVA\u00c7\u00c3O PARA A CONSTITUI\u00c7\u00c3O DEALIAN\u00c7A ESTRAT\u00c9GICA PARA A FORMA\u00c7\u00c3O DOAMBIENTE PROMOTOR DE INOVA\u00c7\u00c3O O Diretor Presidente da Funda\u00e7\u00e3o Delfim Mendes Silveira, Prof. C\u00e9sar Dalmolin Bergoli, nouso de suas atribui\u00e7\u00f5es estatut\u00e1rias, torna p\u00fablica a abertura de\u2026","rel":"","context":"Em &quot;Sem categoria&quot;","block_context":{"text":"Sem categoria","link":"https:\/\/fundacoesufpel.com.br\/fdms\/category\/sem-categoria\/"},"img":{"alt_text":"","src":"","width":0,"height":0},"classes":[]},{"id":10608,"url":"https:\/\/fundacoesufpel.com.br\/fdms\/2025\/12\/08\/edital-no-55-de-08-de-dezembro-de-2025-aberto\/","url_meta":{"origin":11093,"position":1},"title":"EDITAL N\u00ba 55 DE 08 DE DEZEMBRO DE 2025- FECHADO","author":"Isadora Martins","date":"08\/12\/2025","format":false,"excerpt":"PROCESSO SELETIVO SIMPLIFICADO PARA CONTRATA\u00c7\u00c3O DEBOLSISTA DE PESQUISA - GRADUA\u00c7\u00c3OACORDO DE PARCERIA PARA PESQUISA, DESENVOLVIMENTO E INOVA\u00c7\u00c3OINOVAAGRO UFPEL O Diretor Presidente da Funda\u00e7\u00e3o Delfim Mendes Silveira, Prof. C\u00e9sar Dalmolin Bergoli, nouso de suas atribui\u00e7\u00f5es estatut\u00e1rias, torna p\u00fablica a abertura de inscri\u00e7\u00f5es para o ProcessoSeletivo Simplificado para contrata\u00e7\u00e3o de bolsista de\u2026","rel":"","context":"Em &quot;Not\u00edcias&quot;","block_context":{"text":"Not\u00edcias","link":"https:\/\/fundacoesufpel.com.br\/fdms\/category\/noticias\/"},"img":{"alt_text":"","src":"","width":0,"height":0},"classes":[]},{"id":11064,"url":"https:\/\/fundacoesufpel.com.br\/fdms\/2026\/04\/15\/edital-no-14-de-15-de-abril-de-2026-aberto\/","url_meta":{"origin":11093,"position":2},"title":"EDITAL N\u00ba 14 DE 15 DE ABRIL DE 2026 &#8211; ABERTO","author":"Daiane Lima","date":"15\/04\/2026","format":false,"excerpt":"PROCESSO SELETIVO SIMPLIFICADO PARA CONTRATA\u00c7\u00c3O DE BOLSISTA DE PESQUISA - GRADUA\u00c7\u00c3O ACORDO DE PARCERIA PARA PESQUISA, DESENVOLVIMENTO E INOVA\u00c7\u00c3O INOVAAGRO UFPEL O Diretor Presidente da Funda\u00e7\u00e3o Delfim Mendes Silveira, Prof. C\u00e9sar Dalmolin Bergoli, no uso de suas atribui\u00e7\u00f5es estatut\u00e1rias, torna p\u00fablica a abertura de inscri\u00e7\u00f5es para o Processo Seletivo Simplificado\u2026","rel":"","context":"Em &quot;Not\u00edcias&quot;","block_context":{"text":"Not\u00edcias","link":"https:\/\/fundacoesufpel.com.br\/fdms\/category\/noticias\/"},"img":{"alt_text":"","src":"","width":0,"height":0},"classes":[]},{"id":10869,"url":"https:\/\/fundacoesufpel.com.br\/fdms\/2026\/02\/24\/edital-no-05-de-24-de-fevereiro-de-2026-aberto\/","url_meta":{"origin":11093,"position":3},"title":"EDITAL N\u00ba 05 DE 24 DE FEVEREIRO DE 2026-FECHADO","author":"Isadora Martins","date":"24\/02\/2026","format":false,"excerpt":"PROCESSO SELETIVO SIMPLIFICADO PARA CONTRATA\u00c7\u00c3O DEBOLSISTA DE PESQUISA - GRADUA\u00c7\u00c3OACORDO DE PARCERIA PARA PESQUISA, DESENVOLVIMENTO E INOVA\u00c7\u00c3O INOVAAGROUFPEL O Diretor Presidente da Funda\u00e7\u00e3o Delfim Mendes Silveira, Prof. C\u00e9sar Dalmolin Bergoli, no uso desuas atribui\u00e7\u00f5es estatut\u00e1rias, torna p\u00fablica a abertura de inscri\u00e7\u00f5es para o Processo SeletivoSimplificado para contrata\u00e7\u00e3o de bolsista de\u2026","rel":"","context":"Em &quot;Not\u00edcias Destacadas&quot;","block_context":{"text":"Not\u00edcias Destacadas","link":"https:\/\/fundacoesufpel.com.br\/fdms\/category\/noticias-destacadas\/"},"img":{"alt_text":"","src":"","width":0,"height":0},"classes":[]},{"id":9420,"url":"https:\/\/fundacoesufpel.com.br\/fdms\/2025\/04\/22\/edital-no-16-de-22-de-abril-de-2025-aberto\/","url_meta":{"origin":11093,"position":4},"title":"EDITAL N\u00ba 16 DE 22 DE ABRIL DE 2025- FECHADO","author":"Isadora Martins","date":"22\/04\/2025","format":false,"excerpt":"PROCESSO SELETIVO SIMPLIFICADO PARA CONTRATA\u00c7\u00c3O DEBOLSISTA DE PESQUISA - GRADUA\u00c7\u00c3OACORDO DE PARCERIA PARA PESQUISA, DESENVOLVIMENTO E INOVA\u00c7\u00c3O INOVAAGROUFPEL O Diretor Presidente da Funda\u00e7\u00e3o Delfim Mendes Silveira, Prof. C\u00e9sar Dalmolin Bergoli, no uso de suasatribui\u00e7\u00f5es estatut\u00e1rias, torna p\u00fablica a abertura de inscri\u00e7\u00f5es para o Processo Seletivo Simplificadopara contrata\u00e7\u00e3o de bolsista de\u2026","rel":"","context":"Em &quot;Not\u00edcias&quot;","block_context":{"text":"Not\u00edcias","link":"https:\/\/fundacoesufpel.com.br\/fdms\/category\/noticias\/"},"img":{"alt_text":"","src":"","width":0,"height":0},"classes":[]},{"id":10062,"url":"https:\/\/fundacoesufpel.com.br\/fdms\/2025\/09\/30\/edital-no-37-de-30-setembro-de-2025-aberto\/","url_meta":{"origin":11093,"position":5},"title":"EDITAL N\u00ba 37 DE 30 SETEMBRO DE 2025- FECHADO","author":"Isadora Martins","date":"30\/09\/2025","format":false,"excerpt":"PROCESSO SELETIVO SIMPLIFICADO PARA CONTRATA\u00c7\u00c3O DEBOLSISTA DE PESQUISA - GRADUA\u00c7\u00c3OACORDO DE PARCERIA PARA PESQUISA, DESENVOLVIMENTO E INOVA\u00c7\u00c3O INOVAAGROUFPEL O Diretor Presidente da Funda\u00e7\u00e3o Delfim Mendes Silveira, Prof. C\u00e9sar Dalmolin Bergoli, no uso de suasatribui\u00e7\u00f5es estatut\u00e1rias, torna p\u00fablica a abertura de inscri\u00e7\u00f5es para o Processo Seletivo Simplificadopara contrata\u00e7\u00e3o de bolsista de\u2026","rel":"","context":"Em &quot;Not\u00edcias Destacadas&quot;","block_context":{"text":"Not\u00edcias Destacadas","link":"https:\/\/fundacoesufpel.com.br\/fdms\/category\/noticias-destacadas\/"},"img":{"alt_text":"","src":"","width":0,"height":0},"classes":[]}],"jetpack_shortlink":"https:\/\/wp.me\/pcrDaD-2SV","_links":{"self":[{"href":"https:\/\/fundacoesufpel.com.br\/fdms\/wp-json\/wp\/v2\/posts\/11093","targetHints":{"allow":["GET"]}}],"collection":[{"href":"https:\/\/fundacoesufpel.com.br\/fdms\/wp-json\/wp\/v2\/posts"}],"about":[{"href":"https:\/\/fundacoesufpel.com.br\/fdms\/wp-json\/wp\/v2\/types\/post"}],"author":[{"embeddable":true,"href":"https:\/\/fundacoesufpel.com.br\/fdms\/wp-json\/wp\/v2\/users\/5"}],"replies":[{"embeddable":true,"href":"https:\/\/fundacoesufpel.com.br\/fdms\/wp-json\/wp\/v2\/comments?post=11093"}],"version-history":[{"count":2,"href":"https:\/\/fundacoesufpel.com.br\/fdms\/wp-json\/wp\/v2\/posts\/11093\/revisions"}],"predecessor-version":[{"id":11096,"href":"https:\/\/fundacoesufpel.com.br\/fdms\/wp-json\/wp\/v2\/posts\/11093\/revisions\/11096"}],"wp:attachment":[{"href":"https:\/\/fundacoesufpel.com.br\/fdms\/wp-json\/wp\/v2\/media?parent=11093"}],"wp:term":[{"taxonomy":"category","embeddable":true,"href":"https:\/\/fundacoesufpel.com.br\/fdms\/wp-json\/wp\/v2\/categories?post=11093"},{"taxonomy":"post_tag","embeddable":true,"href":"https:\/\/fundacoesufpel.com.br\/fdms\/wp-json\/wp\/v2\/tags?post=11093"}],"curies":[{"name":"wp","href":"https:\/\/api.w.org\/{rel}","templated":true}]}}