{"id":10939,"date":"2026-03-16T17:09:26","date_gmt":"2026-03-16T20:09:26","guid":{"rendered":"https:\/\/fundacoesufpel.com.br\/fdms\/?p=10939"},"modified":"2026-04-28T13:33:10","modified_gmt":"2026-04-28T16:33:10","slug":"edital-no-07-de-16-de-marco-de-2026-aberto","status":"publish","type":"post","link":"https:\/\/fundacoesufpel.com.br\/fdms\/2026\/03\/16\/edital-no-07-de-16-de-marco-de-2026-aberto\/","title":{"rendered":"EDITAL N\u00ba 07 DE 16 DE MAR\u00c7O DE 2026-FECHADO"},"content":{"rendered":"\n<p class=\"has-text-align-center\">PROCESSO SELETIVO SIMPLIFICADO PARA CONTRATA\u00c7\u00c3O DE<br>BOLSISTA DE PESQUISA &#8211; GRADUA\u00c7\u00c3O<br>PROJETO TANINOS CONDENSADOS A PARTIR DE FONTES ALTERNATIVAS.<\/p>\n\n\n\n<p class=\"has-text-align-center\">O Diretor Presidente da Funda\u00e7\u00e3o Delfim Mendes Silveira, Prof. C\u00e9sar Dalmolin Bergoli, no uso de suas<br>atribui\u00e7\u00f5es estatut\u00e1rias, torna p\u00fablica a abertura de inscri\u00e7\u00f5es para o Processo Seletivo Simplificado<br>para contrata\u00e7\u00e3o de bolsista de pesquisa: 2 (dois) bolsistas e 2 (dois) suplentes, pelo per\u00edodo de 08 (oito)<br>meses, nos termos da Lei 8.958\/1994, Lei 10.973\/2014, Decreto 7.423\/2014, Lei 13.243\/2016 e<br>Resolu\u00e7\u00e3o CONSUN\/UFPel n\u00b0 107\/2023 para o Projeto \u201cTANINOS CONDENSADOS A PARTIR DE<br>FONTES ALTERNATIVAS\u201d.<\/p>\n\n\n\n<div data-wp-interactive=\"core\/file\" class=\"wp-block-file\"><object data-wp-bind--hidden=\"!state.hasPdfPreview\" hidden class=\"wp-block-file__embed\" data=\"https:\/\/fundacoesufpel.com.br\/fdms\/wp-content\/uploads\/sites\/3\/2026\/03\/3.-EDITAL-N\u00b007-DE-16-DE-MARCO-DE-2026.docx-Clicksign.pdf\" type=\"application\/pdf\" style=\"width:100%;height:600px\" aria-label=\"Incorporado de 3. EDITAL N\u00b007 DE 16 DE MAR\u00c7O DE 2026.docx - Clicksign.\"><\/object><a id=\"wp-block-file--media-a74da4fd-31f3-4729-8870-9378051be513\" href=\"https:\/\/fundacoesufpel.com.br\/fdms\/wp-content\/uploads\/sites\/3\/2026\/03\/3.-EDITAL-N\u00b007-DE-16-DE-MARCO-DE-2026.docx-Clicksign.pdf\">3. EDITAL N\u00b007 DE 16 DE MAR\u00c7O DE 2026.docx &#8211; Clicksign<\/a><a href=\"https:\/\/fundacoesufpel.com.br\/fdms\/wp-content\/uploads\/sites\/3\/2026\/03\/3.-EDITAL-N\u00b007-DE-16-DE-MARCO-DE-2026.docx-Clicksign.pdf\" class=\"wp-block-file__button wp-element-button\" download aria-describedby=\"wp-block-file--media-a74da4fd-31f3-4729-8870-9378051be513\">Baixar<\/a><\/div>\n\n\n\n<div data-wp-interactive=\"core\/file\" class=\"wp-block-file\"><object data-wp-bind--hidden=\"!state.hasPdfPreview\" hidden class=\"wp-block-file__embed\" data=\"https:\/\/fundacoesufpel.com.br\/fdms\/wp-content\/uploads\/sites\/3\/2026\/03\/PRIMEIRA-ETAPA-DO-PROCESSO-SELETIVO.docx-Clicksign.pdf\" type=\"application\/pdf\" style=\"width:100%;height:600px\" aria-label=\"Incorporado de PRIMEIRA ETAPA DO PROCESSO SELETIVO.docx - Clicksign.\"><\/object><a id=\"wp-block-file--media-cf0ed1f2-5ed2-4728-ba82-d02c169d4939\" href=\"https:\/\/fundacoesufpel.com.br\/fdms\/wp-content\/uploads\/sites\/3\/2026\/03\/PRIMEIRA-ETAPA-DO-PROCESSO-SELETIVO.docx-Clicksign.pdf\" target=\"_blank\" rel=\"noreferrer noopener\">PRIMEIRA ETAPA DO PROCESSO SELETIVO.docx &#8211; Clicksign<\/a><a href=\"https:\/\/fundacoesufpel.com.br\/fdms\/wp-content\/uploads\/sites\/3\/2026\/03\/PRIMEIRA-ETAPA-DO-PROCESSO-SELETIVO.docx-Clicksign.pdf\" class=\"wp-block-file__button wp-element-button\" download aria-describedby=\"wp-block-file--media-cf0ed1f2-5ed2-4728-ba82-d02c169d4939\">Baixar<\/a><\/div>\n\n\n\n<div data-wp-interactive=\"core\/file\" class=\"wp-block-file\"><object data-wp-bind--hidden=\"!state.hasPdfPreview\" hidden class=\"wp-block-file__embed\" data=\"https:\/\/fundacoesufpel.com.br\/fdms\/wp-content\/uploads\/sites\/3\/2026\/03\/LOCAL-E-HORARIO-DAS-ENTREVISTAS.docx-Clicksign.pdf\" type=\"application\/pdf\" style=\"width:100%;height:600px\" aria-label=\"Incorporado de LOCAL E HOR\u00c1RIO DAS ENTREVISTAS.docx - Clicksign.\"><\/object><a id=\"wp-block-file--media-0db07b17-bcf8-40e3-92ba-fabea4e7999f\" href=\"https:\/\/fundacoesufpel.com.br\/fdms\/wp-content\/uploads\/sites\/3\/2026\/03\/LOCAL-E-HORARIO-DAS-ENTREVISTAS.docx-Clicksign.pdf\" target=\"_blank\" rel=\"noreferrer noopener\">LOCAL E HOR\u00c1RIO DAS ENTREVISTAS.docx &#8211; Clicksign<\/a><a href=\"https:\/\/fundacoesufpel.com.br\/fdms\/wp-content\/uploads\/sites\/3\/2026\/03\/LOCAL-E-HORARIO-DAS-ENTREVISTAS.docx-Clicksign.pdf\" class=\"wp-block-file__button wp-element-button\" download aria-describedby=\"wp-block-file--media-0db07b17-bcf8-40e3-92ba-fabea4e7999f\">Baixar<\/a><\/div>\n\n\n\n<div data-wp-interactive=\"core\/file\" class=\"wp-block-file\"><object data-wp-bind--hidden=\"!state.hasPdfPreview\" hidden class=\"wp-block-file__embed\" data=\"https:\/\/fundacoesufpel.com.br\/fdms\/wp-content\/uploads\/sites\/3\/2026\/03\/SEGUNDA-ETAPA-DO-PROCESSO-SELETIVO.docx-Clicksign.pdf\" type=\"application\/pdf\" style=\"width:100%;height:600px\" aria-label=\"Incorporado de SEGUNDA ETAPA DO PROCESSO SELETIVO.docx - Clicksign.\"><\/object><a id=\"wp-block-file--media-093b2e10-bd64-4836-8e54-4efb2694a99c\" href=\"https:\/\/fundacoesufpel.com.br\/fdms\/wp-content\/uploads\/sites\/3\/2026\/03\/SEGUNDA-ETAPA-DO-PROCESSO-SELETIVO.docx-Clicksign.pdf\" target=\"_blank\" rel=\"noreferrer noopener\">SEGUNDA ETAPA DO PROCESSO SELETIVO.docx &#8211; Clicksign<\/a><a href=\"https:\/\/fundacoesufpel.com.br\/fdms\/wp-content\/uploads\/sites\/3\/2026\/03\/SEGUNDA-ETAPA-DO-PROCESSO-SELETIVO.docx-Clicksign.pdf\" class=\"wp-block-file__button wp-element-button\" download aria-describedby=\"wp-block-file--media-093b2e10-bd64-4836-8e54-4efb2694a99c\">Baixar<\/a><\/div>\n","protected":false},"excerpt":{"rendered":"<p>PROCESSO SELETIVO SIMPLIFICADO PARA CONTRATA\u00c7\u00c3O DEBOLSISTA DE PESQUISA &#8211; GRADUA\u00c7\u00c3OPROJETO TANINOS CONDENSADOS A PARTIR DE FONTES ALTERNATIVAS. O Diretor Presidente [&hellip;]<\/p>\n","protected":false},"author":20,"featured_media":0,"comment_status":"closed","ping_status":"closed","sticky":false,"template":"","format":"standard","meta":{"jetpack_post_was_ever_published":false,"_jetpack_newsletter_access":"","_jetpack_dont_email_post_to_subs":false,"_jetpack_newsletter_tier_id":0,"_jetpack_memberships_contains_paywalled_content":false,"_jetpack_memberships_contains_paid_content":false,"footnotes":""},"categories":[54,11],"tags":[],"class_list":["post-10939","post","type-post","status-publish","format-standard","hentry","category-noticias","category-processos-seletivos"],"jetpack_featured_media_url":"","jetpack_sharing_enabled":true,"jetpack_likes_enabled":true,"jetpack-related-posts":[{"id":9881,"url":"https:\/\/fundacoesufpel.com.br\/fdms\/2025\/08\/07\/edital-no-30-de-07-de-agosto-de-2025-aberto\/","url_meta":{"origin":10939,"position":0},"title":"EDITAL N\u00ba 30 DE 07 DE AGOSTO DE 2025- FECHADO","author":"Isadora Martins","date":"07\/08\/2025","format":false,"excerpt":"PROCESSO SELETIVO SIMPLIFICADO PARA CONTRATA\u00c7\u00c3O DEBOLSISTA DE PESQUISA \u2013 GRADUA\u00c7\u00c3O ACORDO DE PARCERIA PARA PESQUISA DETANINOS CONDENSADOS A PARTIR DE FONTES ALTERNATIVAS O Diretor Presidente da Funda\u00e7\u00e3o Delfim Mendes Silveira, Prof. C\u00e9sar Dalmolin Bergoli, no uso desuas atribui\u00e7\u00f5es estatut\u00e1rias, torna p\u00fablica a abertura de inscri\u00e7\u00f5es para o Processo SeletivoSimplificado para\u2026","rel":"","context":"Em &quot;Not\u00edcias&quot;","block_context":{"text":"Not\u00edcias","link":"https:\/\/fundacoesufpel.com.br\/fdms\/category\/noticias\/"},"img":{"alt_text":"","src":"","width":0,"height":0},"classes":[]},{"id":10455,"url":"https:\/\/fundacoesufpel.com.br\/fdms\/2025\/11\/14\/edital-no-53-de-14-de-novembro-de-2025-aberto\/","url_meta":{"origin":10939,"position":1},"title":"EDITAL N\u00ba 53 DE 14 DE NOVEMBRO DE 2025- FECHADO","author":"Isadora Martins","date":"14\/11\/2025","format":false,"excerpt":"PROCESSO SELETIVO SIMPLIFICADO PARA CONTRATA\u00c7\u00c3O DEBOLSISTA DE PESQUISA - GRADUA\u00c7\u00c3OACORDO DE PARCERIA PARA PESQUISA, DESENVOLVIMENTO E INOVA\u00c7\u00c3O INOVAAGROUFPEL O Diretor Presidente da Funda\u00e7\u00e3o Delfim Mendes Silveira, Prof. C\u00e9sar Dalmolin Bergoli, no uso de suasatribui\u00e7\u00f5es estatut\u00e1rias, torna p\u00fablica a abertura de inscri\u00e7\u00f5es para o Processo Seletivo Simplificadopara contrata\u00e7\u00e3o de bolsistas de\u2026","rel":"","context":"Em &quot;Not\u00edcias&quot;","block_context":{"text":"Not\u00edcias","link":"https:\/\/fundacoesufpel.com.br\/fdms\/category\/noticias\/"},"img":{"alt_text":"","src":"","width":0,"height":0},"classes":[]},{"id":11064,"url":"https:\/\/fundacoesufpel.com.br\/fdms\/2026\/04\/15\/edital-no-14-de-15-de-abril-de-2026-aberto\/","url_meta":{"origin":10939,"position":2},"title":"EDITAL N\u00ba 14 DE 15 DE ABRIL DE 2026 &#8211; FECHADO","author":"Daiane Lima","date":"15\/04\/2026","format":false,"excerpt":"PROCESSO SELETIVO SIMPLIFICADO PARA CONTRATA\u00c7\u00c3O DE BOLSISTA DE PESQUISA - GRADUA\u00c7\u00c3O ACORDO DE PARCERIA PARA PESQUISA, DESENVOLVIMENTO E INOVA\u00c7\u00c3O INOVAAGRO UFPEL O Diretor Presidente da Funda\u00e7\u00e3o Delfim Mendes Silveira, Prof. C\u00e9sar Dalmolin Bergoli, no uso de suas atribui\u00e7\u00f5es estatut\u00e1rias, torna p\u00fablica a abertura de inscri\u00e7\u00f5es para o Processo Seletivo Simplificado\u2026","rel":"","context":"Em &quot;Not\u00edcias&quot;","block_context":{"text":"Not\u00edcias","link":"https:\/\/fundacoesufpel.com.br\/fdms\/category\/noticias\/"},"img":{"alt_text":"","src":"","width":0,"height":0},"classes":[]},{"id":5640,"url":"https:\/\/fundacoesufpel.com.br\/fdms\/2022\/04\/14\/edital-no-09-de-14-de-abril-de-2022\/","url_meta":{"origin":10939,"position":3},"title":"EDITAL N\u00ba 09, DE 14 DE ABRIL DE 2022 &#8211; ENCERRADO","author":"","date":"14\/04\/2022","format":false,"excerpt":"PROCESSO SELETIVO SIMPLIFICADO PARA CONTRATA\u00c7\u00c3O DEBOLSISTA DE PESQUISAPROJETO MONITORAMENTO EM TEMPO (QUASE) REAL DA QUALIDADE DA \u00c1GUA DEPORTOS E HIDROVIAS USANDO VANTs E SENSORES DE BAIXO \u2013 CUSTO.O Diretor Presidente da Funda\u00e7\u00e3o Delfim Mendes Silveira, Prof. C\u00e9sar Dalmolin Bergoli, no uso desuas atribui\u00e7\u00f5es estatut\u00e1rias, torna p\u00fablica a abertura de inscri\u00e7\u00f5es\u2026","rel":"","context":"Em &quot;Not\u00edcias&quot;","block_context":{"text":"Not\u00edcias","link":"https:\/\/fundacoesufpel.com.br\/fdms\/category\/noticias\/"},"img":{"alt_text":"","src":"","width":0,"height":0},"classes":[]},{"id":9926,"url":"https:\/\/fundacoesufpel.com.br\/fdms\/2025\/08\/20\/edital-n-32-de-20-de-agosto-de-2025\/","url_meta":{"origin":10939,"position":4},"title":"EDITAL N\u00b0 32 DE 20 DE AGOSTO DE 2025-FECHADO","author":"Isadora Martins","date":"20\/08\/2025","format":false,"excerpt":"PROCESSO SELETIVO SIMPLIFICADO PARA CONTRATA\u00c7\u00c3O DEBOLSISTA DE PESQUISA - GRADUA\u00c7\u00c3OACORDO DE PARCERIA PARA PESQUISA, DESENVOLVIMENTO E INOVA\u00c7\u00c3O INOVAAGROUFPEL O Diretor Presidente da Funda\u00e7\u00e3o Delfim Mendes Silveira, Prof. C\u00e9sar Dalmolin Bergoli, no uso de suasatribui\u00e7\u00f5es estatut\u00e1rias, torna p\u00fablica a abertura de inscri\u00e7\u00f5es para o Processo Seletivo Simplificadopara contrata\u00e7\u00e3o de bolsistas de\u2026","rel":"","context":"Em &quot;Not\u00edcias Destacadas&quot;","block_context":{"text":"Not\u00edcias Destacadas","link":"https:\/\/fundacoesufpel.com.br\/fdms\/category\/noticias-destacadas\/"},"img":{"alt_text":"","src":"","width":0,"height":0},"classes":[]},{"id":9714,"url":"https:\/\/fundacoesufpel.com.br\/fdms\/2025\/06\/17\/edital-no-24-de-17-de-junho-de-2025-aberto\/","url_meta":{"origin":10939,"position":5},"title":"EDITAL N\u00ba 24 DE 17 DE JUNHO DE 2025-FECHADO","author":"Isadora Martins","date":"17\/06\/2025","format":false,"excerpt":"PROCESSO SELETIVO SIMPLIFICADO PARA CONTRATA\u00c7\u00c3O DEBOLSISTA DE PESQUISA - GRADUA\u00c7\u00c3OACORDO DE PARCERIA PARA PESQUISA, DESENVOLVIMENTO E INOVA\u00c7\u00c3O INOVAAGROUFPEL O Diretor Presidente da Funda\u00e7\u00e3o Delfim Mendes Silveira, Prof. C\u00e9sar Dalmolin Bergoli, no uso de suasatribui\u00e7\u00f5es estatut\u00e1rias, torna p\u00fablica a abertura de inscri\u00e7\u00f5es para o Processo Seletivo Simplificadopara contrata\u00e7\u00e3o de bolsista de\u2026","rel":"","context":"Em &quot;Not\u00edcias&quot;","block_context":{"text":"Not\u00edcias","link":"https:\/\/fundacoesufpel.com.br\/fdms\/category\/noticias\/"},"img":{"alt_text":"","src":"","width":0,"height":0},"classes":[]}],"jetpack_shortlink":"https:\/\/wp.me\/pcrDaD-2Qr","_links":{"self":[{"href":"https:\/\/fundacoesufpel.com.br\/fdms\/wp-json\/wp\/v2\/posts\/10939","targetHints":{"allow":["GET"]}}],"collection":[{"href":"https:\/\/fundacoesufpel.com.br\/fdms\/wp-json\/wp\/v2\/posts"}],"about":[{"href":"https:\/\/fundacoesufpel.com.br\/fdms\/wp-json\/wp\/v2\/types\/post"}],"author":[{"embeddable":true,"href":"https:\/\/fundacoesufpel.com.br\/fdms\/wp-json\/wp\/v2\/users\/20"}],"replies":[{"embeddable":true,"href":"https:\/\/fundacoesufpel.com.br\/fdms\/wp-json\/wp\/v2\/comments?post=10939"}],"version-history":[{"count":4,"href":"https:\/\/fundacoesufpel.com.br\/fdms\/wp-json\/wp\/v2\/posts\/10939\/revisions"}],"predecessor-version":[{"id":11121,"href":"https:\/\/fundacoesufpel.com.br\/fdms\/wp-json\/wp\/v2\/posts\/10939\/revisions\/11121"}],"wp:attachment":[{"href":"https:\/\/fundacoesufpel.com.br\/fdms\/wp-json\/wp\/v2\/media?parent=10939"}],"wp:term":[{"taxonomy":"category","embeddable":true,"href":"https:\/\/fundacoesufpel.com.br\/fdms\/wp-json\/wp\/v2\/categories?post=10939"},{"taxonomy":"post_tag","embeddable":true,"href":"https:\/\/fundacoesufpel.com.br\/fdms\/wp-json\/wp\/v2\/tags?post=10939"}],"curies":[{"name":"wp","href":"https:\/\/api.w.org\/{rel}","templated":true}]}}