{"id":10915,"date":"2026-03-11T09:36:04","date_gmt":"2026-03-11T12:36:04","guid":{"rendered":"https:\/\/fundacoesufpel.com.br\/fdms\/?p=10915"},"modified":"2026-03-31T15:25:44","modified_gmt":"2026-03-31T18:25:44","slug":"edital-no-08-de-11-de-marco-de-2026-aberto","status":"publish","type":"post","link":"https:\/\/fundacoesufpel.com.br\/fdms\/2026\/03\/11\/edital-no-08-de-11-de-marco-de-2026-aberto\/","title":{"rendered":"EDITAL N\u00ba 08 DE 11 DE MAR\u00c7O DE 2026- FECHADO"},"content":{"rendered":"\n<p class=\"has-text-align-center\">PROCESSO SELETIVO SIMPLIFICADO PARA CONTRATA\u00c7\u00c3O DE<br>BOLSISTA DE PESQUISA &#8211; GRADUA\u00c7\u00c3O<br>PROJETO MONITORAMENTO DAS EMISS\u00d5ES DE GASES DE EFEITO ESTUFA E ESTOQUES DE<br>CARBONO NO SOLO AP\u00d3S APLICA\u00c7\u00d5ES SUCESSIVAS DE FERTILIZANTES MINERAIS,<br>ORG\u00c2NICOS E ORGANOMINERAIS VISANDO MITIGA\u00c7\u00c3O E ADAPTA\u00c7\u00c3O \u00c0S MUDAN\u00c7AS<br>CLIM\u00c1TICAS.<\/p>\n\n\n\n<p class=\"has-text-align-center\">O Diretor Presidente da Funda\u00e7\u00e3o Delfim Mendes Silveira, Prof. C\u00e9sar Dalmolin Bergoli, no uso de suas<br>atribui\u00e7\u00f5es estatut\u00e1rias, torna p\u00fablica a abertura de inscri\u00e7\u00f5es para o Processo Seletivo Simplificado<br>para contrata\u00e7\u00e3o de bolsista de pesquisa: 2 (dois) bolsistas e 2 (dois) suplentes, pelo per\u00edodo de 12<br>(doze) meses, nos termos da Lei 8.958\/1994, Lei 10.973\/2014, Decreto 7.423\/2014, Lei 13.243\/2016 e<br>Resolu\u00e7\u00e3o CONSUN\/UFPel n\u00b0 107\/2023 para o Projeto \u201cMONITORAMENTO DAS EMISS\u00d5ES DE<br>GASES DE EFEITO ESTUFA E ESTOQUES DE CARBONO NO SOLO AP\u00d3S APLICA\u00c7\u00d5ES<br>SUCESSIVAS DE FERTILIZANTES MINERAIS, ORG\u00c2NICOS E ORGANOMINERAIS VISANDO<br>MITIGA\u00c7\u00c3O E ADAPTA\u00c7\u00c3O \u00c0S MUDAN\u00c7AS CLIM\u00c1TICAS\u201d.<\/p>\n\n\n\n<div data-wp-interactive=\"core\/file\" class=\"wp-block-file\"><object data-wp-bind--hidden=\"!state.hasPdfPreview\" hidden class=\"wp-block-file__embed\" data=\"https:\/\/fundacoesufpel.com.br\/fdms\/wp-content\/uploads\/sites\/3\/2026\/03\/1.EDITAL-N\u00b008-DE-11-DE-MARCO-DE-2026.docx-Clicksign.pdf\" type=\"application\/pdf\" style=\"width:100%;height:600px\" aria-label=\"Incorporado de 1.EDITAL N\u00b008 DE 11 DE MAR\u00c7O DE 2026.docx - Clicksign.\"><\/object><a id=\"wp-block-file--media-f7efcd30-87a2-4384-accb-eef27470ee4d\" href=\"https:\/\/fundacoesufpel.com.br\/fdms\/wp-content\/uploads\/sites\/3\/2026\/03\/1.EDITAL-N\u00b008-DE-11-DE-MARCO-DE-2026.docx-Clicksign.pdf\">1.EDITAL N\u00b008 DE 11 DE MAR\u00c7O DE 2026.docx &#8211; Clicksign<\/a><a href=\"https:\/\/fundacoesufpel.com.br\/fdms\/wp-content\/uploads\/sites\/3\/2026\/03\/1.EDITAL-N\u00b008-DE-11-DE-MARCO-DE-2026.docx-Clicksign.pdf\" class=\"wp-block-file__button wp-element-button\" download aria-describedby=\"wp-block-file--media-f7efcd30-87a2-4384-accb-eef27470ee4d\">Baixar<\/a><\/div>\n\n\n\n<div data-wp-interactive=\"core\/file\" class=\"wp-block-file\"><object data-wp-bind--hidden=\"!state.hasPdfPreview\" hidden class=\"wp-block-file__embed\" data=\"https:\/\/fundacoesufpel.com.br\/fdms\/wp-content\/uploads\/sites\/3\/2026\/03\/PRIMEIRA-ETAPA-edital-n\u00b0-8.docx-Clicksign.pdf\" type=\"application\/pdf\" style=\"width:100%;height:600px\" aria-label=\"Incorporado de PRIMEIRA ETAPA- edital n\u00b0 8.docx - Clicksign.\"><\/object><a id=\"wp-block-file--media-c3219088-36b4-480f-8ad2-686dd4b5ec4b\" href=\"https:\/\/fundacoesufpel.com.br\/fdms\/wp-content\/uploads\/sites\/3\/2026\/03\/PRIMEIRA-ETAPA-edital-n\u00b0-8.docx-Clicksign.pdf\">PRIMEIRA ETAPA- edital n\u00b0 8.docx &#8211; Clicksign<\/a><a href=\"https:\/\/fundacoesufpel.com.br\/fdms\/wp-content\/uploads\/sites\/3\/2026\/03\/PRIMEIRA-ETAPA-edital-n\u00b0-8.docx-Clicksign.pdf\" class=\"wp-block-file__button wp-element-button\" download aria-describedby=\"wp-block-file--media-c3219088-36b4-480f-8ad2-686dd4b5ec4b\">Baixar<\/a><\/div>\n\n\n\n<div data-wp-interactive=\"core\/file\" class=\"wp-block-file\"><object data-wp-bind--hidden=\"!state.hasPdfPreview\" hidden class=\"wp-block-file__embed\" data=\"https:\/\/fundacoesufpel.com.br\/fdms\/wp-content\/uploads\/sites\/3\/2026\/03\/local-e-horario-da-entrevistas-edital-n\u00b0-8.docx-Clicksign-1.pdf\" type=\"application\/pdf\" style=\"width:100%;height:600px\" aria-label=\"Incorporado de local e horario da entrevistas- edital n\u00b0 8.docx - Clicksign.\"><\/object><a id=\"wp-block-file--media-fe166ecd-1d19-4839-b3b8-4aaf47db9250\" href=\"https:\/\/fundacoesufpel.com.br\/fdms\/wp-content\/uploads\/sites\/3\/2026\/03\/local-e-horario-da-entrevistas-edital-n\u00b0-8.docx-Clicksign-1.pdf\">local e horario da entrevistas- edital n\u00b0 8.docx &#8211; Clicksign<\/a><a href=\"https:\/\/fundacoesufpel.com.br\/fdms\/wp-content\/uploads\/sites\/3\/2026\/03\/local-e-horario-da-entrevistas-edital-n\u00b0-8.docx-Clicksign-1.pdf\" class=\"wp-block-file__button wp-element-button\" download aria-describedby=\"wp-block-file--media-fe166ecd-1d19-4839-b3b8-4aaf47db9250\">Baixar<\/a><\/div>\n\n\n\n<div data-wp-interactive=\"core\/file\" class=\"wp-block-file\"><object data-wp-bind--hidden=\"!state.hasPdfPreview\" hidden class=\"wp-block-file__embed\" data=\"https:\/\/fundacoesufpel.com.br\/fdms\/wp-content\/uploads\/sites\/3\/2026\/03\/SEGUNDA-ETAPA-edital-n\u00b0-8.docx-Clicksign-1.pdf\" type=\"application\/pdf\" style=\"width:100%;height:600px\" aria-label=\"Incorporado de SEGUNDA ETAPA- edital n\u00b0 8.docx - Clicksign.\"><\/object><a id=\"wp-block-file--media-a7877a6c-b8c7-4abb-9721-41893220fe5e\" href=\"https:\/\/fundacoesufpel.com.br\/fdms\/wp-content\/uploads\/sites\/3\/2026\/03\/SEGUNDA-ETAPA-edital-n\u00b0-8.docx-Clicksign-1.pdf\">SEGUNDA ETAPA- edital n\u00b0 8.docx &#8211; Clicksign<\/a><a href=\"https:\/\/fundacoesufpel.com.br\/fdms\/wp-content\/uploads\/sites\/3\/2026\/03\/SEGUNDA-ETAPA-edital-n\u00b0-8.docx-Clicksign-1.pdf\" class=\"wp-block-file__button wp-element-button\" download aria-describedby=\"wp-block-file--media-a7877a6c-b8c7-4abb-9721-41893220fe5e\">Baixar<\/a><\/div>\n\n\n\n<div data-wp-interactive=\"core\/file\" class=\"wp-block-file\"><object data-wp-bind--hidden=\"!state.hasPdfPreview\" hidden class=\"wp-block-file__embed\" data=\"https:\/\/fundacoesufpel.com.br\/fdms\/wp-content\/uploads\/sites\/3\/2026\/03\/RESULTADO-FINAL-edital-n\u00b0-8.docx-Clicksign.pdf\" type=\"application\/pdf\" style=\"width:100%;height:600px\" aria-label=\"Incorporado de RESULTADO FINAL - edital n\u00b0 8.docx - Clicksign.\"><\/object><a id=\"wp-block-file--media-16120692-b107-47fb-8256-aa2127a7c29b\" href=\"https:\/\/fundacoesufpel.com.br\/fdms\/wp-content\/uploads\/sites\/3\/2026\/03\/RESULTADO-FINAL-edital-n\u00b0-8.docx-Clicksign.pdf\">RESULTADO FINAL &#8211; edital n\u00b0 8.docx &#8211; Clicksign<\/a><a href=\"https:\/\/fundacoesufpel.com.br\/fdms\/wp-content\/uploads\/sites\/3\/2026\/03\/RESULTADO-FINAL-edital-n\u00b0-8.docx-Clicksign.pdf\" class=\"wp-block-file__button wp-element-button\" download aria-describedby=\"wp-block-file--media-16120692-b107-47fb-8256-aa2127a7c29b\">Baixar<\/a><\/div>\n","protected":false},"excerpt":{"rendered":"<p>PROCESSO SELETIVO SIMPLIFICADO PARA CONTRATA\u00c7\u00c3O DEBOLSISTA DE PESQUISA &#8211; GRADUA\u00c7\u00c3OPROJETO MONITORAMENTO DAS EMISS\u00d5ES DE GASES DE EFEITO ESTUFA E ESTOQUES [&hellip;]<\/p>\n","protected":false},"author":20,"featured_media":0,"comment_status":"closed","ping_status":"closed","sticky":false,"template":"","format":"standard","meta":{"jetpack_post_was_ever_published":false,"_jetpack_newsletter_access":"","_jetpack_dont_email_post_to_subs":false,"_jetpack_newsletter_tier_id":0,"_jetpack_memberships_contains_paywalled_content":false,"_jetpack_memberships_contains_paid_content":false,"footnotes":""},"categories":[54,11],"tags":[],"class_list":["post-10915","post","type-post","status-publish","format-standard","hentry","category-noticias","category-processos-seletivos"],"jetpack_featured_media_url":"","jetpack_sharing_enabled":true,"jetpack_likes_enabled":true,"jetpack-related-posts":[{"id":5640,"url":"https:\/\/fundacoesufpel.com.br\/fdms\/2022\/04\/14\/edital-no-09-de-14-de-abril-de-2022\/","url_meta":{"origin":10915,"position":0},"title":"EDITAL N\u00ba 09, DE 14 DE ABRIL DE 2022 &#8211; ENCERRADO","author":"","date":"14\/04\/2022","format":false,"excerpt":"PROCESSO SELETIVO SIMPLIFICADO PARA CONTRATA\u00c7\u00c3O DEBOLSISTA DE PESQUISAPROJETO MONITORAMENTO EM TEMPO (QUASE) REAL DA QUALIDADE DA \u00c1GUA DEPORTOS E HIDROVIAS USANDO VANTs E SENSORES DE BAIXO \u2013 CUSTO.O Diretor Presidente da Funda\u00e7\u00e3o Delfim Mendes Silveira, Prof. C\u00e9sar Dalmolin Bergoli, no uso desuas atribui\u00e7\u00f5es estatut\u00e1rias, torna p\u00fablica a abertura de inscri\u00e7\u00f5es\u2026","rel":"","context":"Em &quot;Not\u00edcias&quot;","block_context":{"text":"Not\u00edcias","link":"https:\/\/fundacoesufpel.com.br\/fdms\/category\/noticias\/"},"img":{"alt_text":"","src":"","width":0,"height":0},"classes":[]},{"id":5376,"url":"https:\/\/fundacoesufpel.com.br\/fdms\/2022\/03\/11\/edital-no-05-de-11-de-marco-de-2022\/","url_meta":{"origin":10915,"position":1},"title":"EDITAL N\u00ba 05, DE 11 DE MAR\u00c7O DE 2022 &#8211; FECHAMENTO","author":"","date":"11\/03\/2022","format":false,"excerpt":"PROCESSO SELETIVO SIMPLIFICADO PARA CONTRATA\u00c7\u00c3O DE BOLSISTA DE PESQUISA \u00a0PROJETO MONITORAMENTO EM TEMPO (QUASE) REAL DA QUALIDADE DA \u00c1GUA DE PORTOS E HIDROVIAS USANDO VANTs E SENSORES DE BAIXO \u2013 CUSTO. O Diretor Presidente da Funda\u00e7\u00e3o Delfim Mendes Silveira, Prof. C\u00e9sar Dalmolin Bergoli,\u00a0 no uso de suas atribui\u00e7\u00f5es estatut\u00e1rias, torna\u2026","rel":"","context":"Em &quot;Comunicados&quot;","block_context":{"text":"Comunicados","link":"https:\/\/fundacoesufpel.com.br\/fdms\/category\/comunicados\/"},"img":{"alt_text":"","src":"","width":0,"height":0},"classes":[]},{"id":8342,"url":"https:\/\/fundacoesufpel.com.br\/fdms\/2024\/04\/18\/edital-no-06-de-18-de-abril-de-2024-aberto\/","url_meta":{"origin":10915,"position":2},"title":"EDITAL N\u00ba 06 DE 18 DE ABRIL DE 2024 &#8211; FECHADO","author":"","date":"18\/04\/2024","format":false,"excerpt":"PROCESSO SELETIVO SIMPLIFICADO PARA CONTRATA\u00c7\u00c3O DE BOLSISTA DE PESQUISA\u00a0PROJETO \u201cGAPS \u2013 GEST\u00c3O NA APS: DIAGN\u00d3STICO, PLANEJAMENTO, ORGANIZA\u00c7\u00c3O, MONITORAMENTO, E MELHORIAS PARA A ATEN\u00c7\u00c3O PRIM\u00c1RIA \u00c0 SA\u00daDE\u201d O Diretor Presidente da Funda\u00e7\u00e3o Delfim Mendes Silveira, Prof. C\u00e9sar Dalmolin Bergoli, no uso de suas atribui\u00e7\u00f5es estatut\u00e1rias, torna p\u00fablica a abertura de inscri\u00e7\u00f5es\u2026","rel":"","context":"Em &quot;Processos Seletivos&quot;","block_context":{"text":"Processos Seletivos","link":"https:\/\/fundacoesufpel.com.br\/fdms\/category\/processos-seletivos\/"},"img":{"alt_text":"","src":"","width":0,"height":0},"classes":[]},{"id":5379,"url":"https:\/\/fundacoesufpel.com.br\/fdms\/2022\/03\/11\/%ef%bf%bcedital-no-06-de-11-de-marco-de-2022\/","url_meta":{"origin":10915,"position":3},"title":"EDITAL N\u00ba 06, DE 11 DE MAR\u00c7O DE 2022 &#8211; FECHADO","author":"","date":"11\/03\/2022","format":false,"excerpt":"PROCESSO SELETIVO SIMPLIFICADO PARA CONTRATA\u00c7\u00c3O DE BOLSISTA DE PESQUISA \u00a0PROJETO MONITORAMENTO EM TEMPO (QUASE) REAL DA QUALIDADE DA \u00c1GUA DE PORTOS E HIDROVIAS USANDO VANTs E SENSORES DE BAIXO \u2013 CUSTO. O Diretor Presidente da Funda\u00e7\u00e3o Delfim Mendes Silveira, Prof. C\u00e9sar Dalmolin Bergoli,\u00a0 no uso de suas atribui\u00e7\u00f5es estatut\u00e1rias, torna\u2026","rel":"","context":"Em &quot;Avisos Processos Sele\u00e7\u00e3o P\u00fablica\/Licitat\u00f3rios&quot;","block_context":{"text":"Avisos Processos Sele\u00e7\u00e3o P\u00fablica\/Licitat\u00f3rios","link":"https:\/\/fundacoesufpel.com.br\/fdms\/category\/avisos-processos-selecao-publica-licitatorios\/"},"img":{"alt_text":"","src":"","width":0,"height":0},"classes":[]},{"id":10455,"url":"https:\/\/fundacoesufpel.com.br\/fdms\/2025\/11\/14\/edital-no-53-de-14-de-novembro-de-2025-aberto\/","url_meta":{"origin":10915,"position":4},"title":"EDITAL N\u00ba 53 DE 14 DE NOVEMBRO DE 2025- FECHADO","author":"Isadora Martins","date":"14\/11\/2025","format":false,"excerpt":"PROCESSO SELETIVO SIMPLIFICADO PARA CONTRATA\u00c7\u00c3O DEBOLSISTA DE PESQUISA - GRADUA\u00c7\u00c3OACORDO DE PARCERIA PARA PESQUISA, DESENVOLVIMENTO E INOVA\u00c7\u00c3O INOVAAGROUFPEL O Diretor Presidente da Funda\u00e7\u00e3o Delfim Mendes Silveira, Prof. C\u00e9sar Dalmolin Bergoli, no uso de suasatribui\u00e7\u00f5es estatut\u00e1rias, torna p\u00fablica a abertura de inscri\u00e7\u00f5es para o Processo Seletivo Simplificadopara contrata\u00e7\u00e3o de bolsistas de\u2026","rel":"","context":"Em &quot;Not\u00edcias&quot;","block_context":{"text":"Not\u00edcias","link":"https:\/\/fundacoesufpel.com.br\/fdms\/category\/noticias\/"},"img":{"alt_text":"","src":"","width":0,"height":0},"classes":[]},{"id":10939,"url":"https:\/\/fundacoesufpel.com.br\/fdms\/2026\/03\/16\/edital-no-07-de-16-de-marco-de-2026-aberto\/","url_meta":{"origin":10915,"position":5},"title":"EDITAL N\u00ba 07 DE 16 DE MAR\u00c7O DE 2026-FECHADO","author":"Isadora Martins","date":"16\/03\/2026","format":false,"excerpt":"PROCESSO SELETIVO SIMPLIFICADO PARA CONTRATA\u00c7\u00c3O DEBOLSISTA DE PESQUISA - GRADUA\u00c7\u00c3OPROJETO TANINOS CONDENSADOS A PARTIR DE FONTES ALTERNATIVAS. O Diretor Presidente da Funda\u00e7\u00e3o Delfim Mendes Silveira, Prof. C\u00e9sar Dalmolin Bergoli, no uso de suasatribui\u00e7\u00f5es estatut\u00e1rias, torna p\u00fablica a abertura de inscri\u00e7\u00f5es para o Processo Seletivo Simplificadopara contrata\u00e7\u00e3o de bolsista de pesquisa:\u2026","rel":"","context":"Em &quot;Not\u00edcias&quot;","block_context":{"text":"Not\u00edcias","link":"https:\/\/fundacoesufpel.com.br\/fdms\/category\/noticias\/"},"img":{"alt_text":"","src":"","width":0,"height":0},"classes":[]}],"jetpack_shortlink":"https:\/\/wp.me\/pcrDaD-2Q3","_links":{"self":[{"href":"https:\/\/fundacoesufpel.com.br\/fdms\/wp-json\/wp\/v2\/posts\/10915","targetHints":{"allow":["GET"]}}],"collection":[{"href":"https:\/\/fundacoesufpel.com.br\/fdms\/wp-json\/wp\/v2\/posts"}],"about":[{"href":"https:\/\/fundacoesufpel.com.br\/fdms\/wp-json\/wp\/v2\/types\/post"}],"author":[{"embeddable":true,"href":"https:\/\/fundacoesufpel.com.br\/fdms\/wp-json\/wp\/v2\/users\/20"}],"replies":[{"embeddable":true,"href":"https:\/\/fundacoesufpel.com.br\/fdms\/wp-json\/wp\/v2\/comments?post=10915"}],"version-history":[{"count":8,"href":"https:\/\/fundacoesufpel.com.br\/fdms\/wp-json\/wp\/v2\/posts\/10915\/revisions"}],"predecessor-version":[{"id":11023,"href":"https:\/\/fundacoesufpel.com.br\/fdms\/wp-json\/wp\/v2\/posts\/10915\/revisions\/11023"}],"wp:attachment":[{"href":"https:\/\/fundacoesufpel.com.br\/fdms\/wp-json\/wp\/v2\/media?parent=10915"}],"wp:term":[{"taxonomy":"category","embeddable":true,"href":"https:\/\/fundacoesufpel.com.br\/fdms\/wp-json\/wp\/v2\/categories?post=10915"},{"taxonomy":"post_tag","embeddable":true,"href":"https:\/\/fundacoesufpel.com.br\/fdms\/wp-json\/wp\/v2\/tags?post=10915"}],"curies":[{"name":"wp","href":"https:\/\/api.w.org\/{rel}","templated":true}]}}