{"id":10820,"date":"2026-02-11T13:50:52","date_gmt":"2026-02-11T16:50:52","guid":{"rendered":"https:\/\/fundacoesufpel.com.br\/fdms\/?p=10820"},"modified":"2026-03-06T17:32:41","modified_gmt":"2026-03-06T20:32:41","slug":"edital-no-03-de-11-de-fevereiro-de-2026-aberto","status":"publish","type":"post","link":"https:\/\/fundacoesufpel.com.br\/fdms\/2026\/02\/11\/edital-no-03-de-11-de-fevereiro-de-2026-aberto\/","title":{"rendered":"EDITAL N\u00ba 03 DE 11 DE FEVEREIRO DE 2026- FECHADO"},"content":{"rendered":"\n<p class=\"has-text-align-center\">PROCESSO SELETIVO SIMPLIFICADO PARA CONTRATA\u00c7\u00c3O DE<br>BOLSISTA DE PESQUISA &#8211; GRADUA\u00c7\u00c3O<br>ACORDO DE PARCERIA PARA PESQUISA, DESENVOLVIMENTO E INOVA\u00c7\u00c3O<br>INOVAAGRO UFPEL<\/p>\n\n\n\n<p class=\"has-text-align-center\">O Diretor Presidente da Funda\u00e7\u00e3o Delfim Mendes Silveira, Prof. C\u00e9sar Dalmolin Bergoli, no<br>uso de suas atribui\u00e7\u00f5es estatut\u00e1rias, torna p\u00fablica a abertura de inscri\u00e7\u00f5es para o Processo<br>Seletivo Simplificado para contrata\u00e7\u00e3o de bolsista de pesquisa: 4 (quatro) bolsistas e 12 (doze)<br>suplentes, pelo per\u00edodo de 9 (nove) meses, nos termos da Lei 8.958\/1994, Lei 10.973\/2014,<br>Decreto 7.423\/2014, Lei 13.243\/2016 e Resolu\u00e7\u00e3o CONSUN\/UFPel n\u00b0 108\/2023 para o<br>Projeto \u201cACORDO DE PARCERIA PARA PESQUISA, DESENVOLVIMENTO E INOVA\u00c7\u00c3O<br>INOVAAGRO UFPEL\u201d<\/p>\n\n\n\n<div data-wp-interactive=\"core\/file\" class=\"wp-block-file\"><object data-wp-bind--hidden=\"!state.hasPdfPreview\" hidden class=\"wp-block-file__embed\" data=\"https:\/\/fundacoesufpel.com.br\/fdms\/wp-content\/uploads\/sites\/3\/2026\/02\/EDITAL-N\u00b0-03-DE-11-de-FEVEREIRO-de-2026.1.docx-Clicksign.pdf\" type=\"application\/pdf\" style=\"width:100%;height:600px\" aria-label=\"Incorporado de EDITAL N\u00b0 03 DE 11 de FEVEREIRO de 2026.1.docx - Clicksign.\"><\/object><a id=\"wp-block-file--media-f1fd9ab0-4722-486a-8455-9bcab7711b7e\" href=\"https:\/\/fundacoesufpel.com.br\/fdms\/wp-content\/uploads\/sites\/3\/2026\/02\/EDITAL-N\u00b0-03-DE-11-de-FEVEREIRO-de-2026.1.docx-Clicksign.pdf\">EDITAL N\u00b0 03 DE 11 de FEVEREIRO de 2026.1.docx &#8211; Clicksign<\/a><a href=\"https:\/\/fundacoesufpel.com.br\/fdms\/wp-content\/uploads\/sites\/3\/2026\/02\/EDITAL-N\u00b0-03-DE-11-de-FEVEREIRO-de-2026.1.docx-Clicksign.pdf\" class=\"wp-block-file__button wp-element-button\" download aria-describedby=\"wp-block-file--media-f1fd9ab0-4722-486a-8455-9bcab7711b7e\">Baixar<\/a><\/div>\n\n\n\n<div data-wp-interactive=\"core\/file\" class=\"wp-block-file\"><object data-wp-bind--hidden=\"!state.hasPdfPreview\" hidden class=\"wp-block-file__embed\" data=\"https:\/\/fundacoesufpel.com.br\/fdms\/wp-content\/uploads\/sites\/3\/2026\/02\/PRIMEIRA-ETAPA-edital-n\u00b0-3.docx-Clicksign.pdf\" type=\"application\/pdf\" style=\"width:100%;height:600px\" aria-label=\"Incorporado de PRIMEIRA ETAPA- edital n\u00b0 3.docx - Clicksign.\"><\/object><a id=\"wp-block-file--media-621b9d66-1f07-4d57-88e6-6d520bfb7946\" href=\"https:\/\/fundacoesufpel.com.br\/fdms\/wp-content\/uploads\/sites\/3\/2026\/02\/PRIMEIRA-ETAPA-edital-n\u00b0-3.docx-Clicksign.pdf\">PRIMEIRA ETAPA- edital n\u00b0 3.docx &#8211; Clicksign<\/a><a href=\"https:\/\/fundacoesufpel.com.br\/fdms\/wp-content\/uploads\/sites\/3\/2026\/02\/PRIMEIRA-ETAPA-edital-n\u00b0-3.docx-Clicksign.pdf\" class=\"wp-block-file__button wp-element-button\" download aria-describedby=\"wp-block-file--media-621b9d66-1f07-4d57-88e6-6d520bfb7946\">Baixar<\/a><\/div>\n\n\n\n<div data-wp-interactive=\"core\/file\" class=\"wp-block-file\"><object data-wp-bind--hidden=\"!state.hasPdfPreview\" hidden class=\"wp-block-file__embed\" data=\"https:\/\/fundacoesufpel.com.br\/fdms\/wp-content\/uploads\/sites\/3\/2026\/02\/RETIFICACAO-1-DO-EDITAL-No03-DE-19-DE-FEVEREIRO-DE-2026.doc-Clicksign.pdf\" type=\"application\/pdf\" style=\"width:100%;height:600px\" aria-label=\"Incorporado de RETIFICA\u00c7\u00c3O 1 DO EDITAL N\u00ba03 DE 19 DE FEVEREIRO DE 2026.doc - Clicksign.\"><\/object><a id=\"wp-block-file--media-4c50954f-cbf9-4e22-b4dc-90e1f7d6d029\" href=\"https:\/\/fundacoesufpel.com.br\/fdms\/wp-content\/uploads\/sites\/3\/2026\/02\/RETIFICACAO-1-DO-EDITAL-No03-DE-19-DE-FEVEREIRO-DE-2026.doc-Clicksign.pdf\">RETIFICA\u00c7\u00c3O 1 DO EDITAL N\u00ba03 DE 19 DE FEVEREIRO DE 2026.doc &#8211; Clicksign<\/a><a href=\"https:\/\/fundacoesufpel.com.br\/fdms\/wp-content\/uploads\/sites\/3\/2026\/02\/RETIFICACAO-1-DO-EDITAL-No03-DE-19-DE-FEVEREIRO-DE-2026.doc-Clicksign.pdf\" class=\"wp-block-file__button wp-element-button\" download aria-describedby=\"wp-block-file--media-4c50954f-cbf9-4e22-b4dc-90e1f7d6d029\">Baixar<\/a><\/div>\n\n\n\n<div data-wp-interactive=\"core\/file\" class=\"wp-block-file\"><object data-wp-bind--hidden=\"!state.hasPdfPreview\" hidden class=\"wp-block-file__embed\" data=\"https:\/\/fundacoesufpel.com.br\/fdms\/wp-content\/uploads\/sites\/3\/2026\/02\/RETIFICACAO-DO-EDITAL-No03-DE-19-DE-FEVEREIRO-DE-2026.doc-Clicksign-2.pdf\" type=\"application\/pdf\" style=\"width:100%;height:600px\" aria-label=\"Incorporado de RETIFICA\u00c7\u00c3O DO EDITAL N\u00ba03 DE 19 DE FEVEREIRO DE 2026.doc - Clicksign.\"><\/object><a id=\"wp-block-file--media-65a11b46-443d-4b29-8083-6664c8e76b59\" href=\"https:\/\/fundacoesufpel.com.br\/fdms\/wp-content\/uploads\/sites\/3\/2026\/02\/RETIFICACAO-DO-EDITAL-No03-DE-19-DE-FEVEREIRO-DE-2026.doc-Clicksign-2.pdf\">RETIFICA\u00c7\u00c3O DO EDITAL N\u00ba03 DE 19 DE FEVEREIRO DE 2026.doc &#8211; Clicksign<\/a><a href=\"https:\/\/fundacoesufpel.com.br\/fdms\/wp-content\/uploads\/sites\/3\/2026\/02\/RETIFICACAO-DO-EDITAL-No03-DE-19-DE-FEVEREIRO-DE-2026.doc-Clicksign-2.pdf\" class=\"wp-block-file__button wp-element-button\" download aria-describedby=\"wp-block-file--media-65a11b46-443d-4b29-8083-6664c8e76b59\">Baixar<\/a><\/div>\n\n\n\n<div data-wp-interactive=\"core\/file\" class=\"wp-block-file\"><object data-wp-bind--hidden=\"!state.hasPdfPreview\" hidden class=\"wp-block-file__embed\" data=\"https:\/\/fundacoesufpel.com.br\/fdms\/wp-content\/uploads\/sites\/3\/2026\/02\/RESULTADO-FINAL-DO-EDITAL-N\u00b0-03.doc-Clicksign.pdf\" type=\"application\/pdf\" style=\"width:100%;height:600px\" aria-label=\"Incorporado de RESULTADO FINAL DO EDITAL N\u00b0 03.doc - Clicksign.\"><\/object><a id=\"wp-block-file--media-8f1bb3b5-a4e5-4cb8-bcb4-097658cd1ec2\" href=\"https:\/\/fundacoesufpel.com.br\/fdms\/wp-content\/uploads\/sites\/3\/2026\/02\/RESULTADO-FINAL-DO-EDITAL-N\u00b0-03.doc-Clicksign.pdf\">RESULTADO FINAL DO EDITAL N\u00b0 03.doc &#8211; Clicksign<\/a><a href=\"https:\/\/fundacoesufpel.com.br\/fdms\/wp-content\/uploads\/sites\/3\/2026\/02\/RESULTADO-FINAL-DO-EDITAL-N\u00b0-03.doc-Clicksign.pdf\" class=\"wp-block-file__button wp-element-button\" download aria-describedby=\"wp-block-file--media-8f1bb3b5-a4e5-4cb8-bcb4-097658cd1ec2\">Baixar<\/a><\/div>\n","protected":false},"excerpt":{"rendered":"<p>PROCESSO SELETIVO SIMPLIFICADO PARA CONTRATA\u00c7\u00c3O DEBOLSISTA DE PESQUISA &#8211; GRADUA\u00c7\u00c3OACORDO DE PARCERIA PARA PESQUISA, DESENVOLVIMENTO E INOVA\u00c7\u00c3OINOVAAGRO UFPEL O Diretor [&hellip;]<\/p>\n","protected":false},"author":20,"featured_media":0,"comment_status":"closed","ping_status":"closed","sticky":false,"template":"","format":"standard","meta":{"jetpack_post_was_ever_published":false,"_jetpack_newsletter_access":"","_jetpack_dont_email_post_to_subs":false,"_jetpack_newsletter_tier_id":0,"_jetpack_memberships_contains_paywalled_content":false,"_jetpack_memberships_contains_paid_content":false,"footnotes":""},"categories":[68,11],"tags":[],"class_list":["post-10820","post","type-post","status-publish","format-standard","hentry","category-noticias-destacadas","category-processos-seletivos"],"jetpack_featured_media_url":"","jetpack_sharing_enabled":true,"jetpack_likes_enabled":true,"jetpack-related-posts":[{"id":10608,"url":"https:\/\/fundacoesufpel.com.br\/fdms\/2025\/12\/08\/edital-no-55-de-08-de-dezembro-de-2025-aberto\/","url_meta":{"origin":10820,"position":0},"title":"EDITAL N\u00ba 55 DE 08 DE DEZEMBRO DE 2025- FECHADO","author":"Isadora Martins","date":"08\/12\/2025","format":false,"excerpt":"PROCESSO SELETIVO SIMPLIFICADO PARA CONTRATA\u00c7\u00c3O DEBOLSISTA DE PESQUISA - GRADUA\u00c7\u00c3OACORDO DE PARCERIA PARA PESQUISA, DESENVOLVIMENTO E INOVA\u00c7\u00c3OINOVAAGRO UFPEL O Diretor Presidente da Funda\u00e7\u00e3o Delfim Mendes Silveira, Prof. C\u00e9sar Dalmolin Bergoli, nouso de suas atribui\u00e7\u00f5es estatut\u00e1rias, torna p\u00fablica a abertura de inscri\u00e7\u00f5es para o ProcessoSeletivo Simplificado para contrata\u00e7\u00e3o de bolsista de\u2026","rel":"","context":"Em &quot;Not\u00edcias&quot;","block_context":{"text":"Not\u00edcias","link":"https:\/\/fundacoesufpel.com.br\/fdms\/category\/noticias\/"},"img":{"alt_text":"","src":"","width":0,"height":0},"classes":[]},{"id":10869,"url":"https:\/\/fundacoesufpel.com.br\/fdms\/2026\/02\/24\/edital-no-05-de-24-de-fevereiro-de-2026-aberto\/","url_meta":{"origin":10820,"position":1},"title":"EDITAL N\u00ba 05 DE 24 DE FEVEREIRO DE 2026-FECHADO","author":"Isadora Martins","date":"24\/02\/2026","format":false,"excerpt":"PROCESSO SELETIVO SIMPLIFICADO PARA CONTRATA\u00c7\u00c3O DEBOLSISTA DE PESQUISA - GRADUA\u00c7\u00c3OACORDO DE PARCERIA PARA PESQUISA, DESENVOLVIMENTO E INOVA\u00c7\u00c3O INOVAAGROUFPEL O Diretor Presidente da Funda\u00e7\u00e3o Delfim Mendes Silveira, Prof. C\u00e9sar Dalmolin Bergoli, no uso desuas atribui\u00e7\u00f5es estatut\u00e1rias, torna p\u00fablica a abertura de inscri\u00e7\u00f5es para o Processo SeletivoSimplificado para contrata\u00e7\u00e3o de bolsista de\u2026","rel":"","context":"Em &quot;Not\u00edcias Destacadas&quot;","block_context":{"text":"Not\u00edcias Destacadas","link":"https:\/\/fundacoesufpel.com.br\/fdms\/category\/noticias-destacadas\/"},"img":{"alt_text":"","src":"","width":0,"height":0},"classes":[]},{"id":11064,"url":"https:\/\/fundacoesufpel.com.br\/fdms\/2026\/04\/15\/edital-no-14-de-15-de-abril-de-2026-aberto\/","url_meta":{"origin":10820,"position":2},"title":"EDITAL N\u00ba 14 DE 15 DE ABRIL DE 2026 &#8211; FECHADO","author":"Daiane Lima","date":"15\/04\/2026","format":false,"excerpt":"PROCESSO SELETIVO SIMPLIFICADO PARA CONTRATA\u00c7\u00c3O DE BOLSISTA DE PESQUISA - GRADUA\u00c7\u00c3O ACORDO DE PARCERIA PARA PESQUISA, DESENVOLVIMENTO E INOVA\u00c7\u00c3O INOVAAGRO UFPEL O Diretor Presidente da Funda\u00e7\u00e3o Delfim Mendes Silveira, Prof. C\u00e9sar Dalmolin Bergoli, no uso de suas atribui\u00e7\u00f5es estatut\u00e1rias, torna p\u00fablica a abertura de inscri\u00e7\u00f5es para o Processo Seletivo Simplificado\u2026","rel":"","context":"Em &quot;Not\u00edcias&quot;","block_context":{"text":"Not\u00edcias","link":"https:\/\/fundacoesufpel.com.br\/fdms\/category\/noticias\/"},"img":{"alt_text":"","src":"","width":0,"height":0},"classes":[]},{"id":10062,"url":"https:\/\/fundacoesufpel.com.br\/fdms\/2025\/09\/30\/edital-no-37-de-30-setembro-de-2025-aberto\/","url_meta":{"origin":10820,"position":3},"title":"EDITAL N\u00ba 37 DE 30 SETEMBRO DE 2025- FECHADO","author":"Isadora Martins","date":"30\/09\/2025","format":false,"excerpt":"PROCESSO SELETIVO SIMPLIFICADO PARA CONTRATA\u00c7\u00c3O DEBOLSISTA DE PESQUISA - GRADUA\u00c7\u00c3OACORDO DE PARCERIA PARA PESQUISA, DESENVOLVIMENTO E INOVA\u00c7\u00c3O INOVAAGROUFPEL O Diretor Presidente da Funda\u00e7\u00e3o Delfim Mendes Silveira, Prof. C\u00e9sar Dalmolin Bergoli, no uso de suasatribui\u00e7\u00f5es estatut\u00e1rias, torna p\u00fablica a abertura de inscri\u00e7\u00f5es para o Processo Seletivo Simplificadopara contrata\u00e7\u00e3o de bolsista de\u2026","rel":"","context":"Em &quot;Not\u00edcias Destacadas&quot;","block_context":{"text":"Not\u00edcias Destacadas","link":"https:\/\/fundacoesufpel.com.br\/fdms\/category\/noticias-destacadas\/"},"img":{"alt_text":"","src":"","width":0,"height":0},"classes":[]},{"id":10389,"url":"https:\/\/fundacoesufpel.com.br\/fdms\/2025\/11\/03\/edital-no-48-de-03-de-novembro-de-2025-aberto\/","url_meta":{"origin":10820,"position":4},"title":"EDITAL N\u00ba 48 DE 03 DE NOVEMBRO DE 2025- FECHADO","author":"Isadora Martins","date":"03\/11\/2025","format":false,"excerpt":"PROCESSO SELETIVO SIMPLIFICADO PARA CONTRATA\u00c7\u00c3O DEBOLSISTA DE PESQUISA - GRADUA\u00c7\u00c3OACORDO DE PARCERIA PARA PESQUISA, DESENVOLVIMENTO E INOVA\u00c7\u00c3O INOVAAGROUFPEL O Diretor Presidente da Funda\u00e7\u00e3o Delfim Mendes Silveira, Prof. C\u00e9sar Dalmolin Bergoli, no uso de suasatribui\u00e7\u00f5es estatut\u00e1rias, torna p\u00fablica a abertura de inscri\u00e7\u00f5es para o Processo Seletivo Simplificadopara contrata\u00e7\u00e3o de bolsista de\u2026","rel":"","context":"Em &quot;Not\u00edcias&quot;","block_context":{"text":"Not\u00edcias","link":"https:\/\/fundacoesufpel.com.br\/fdms\/category\/noticias\/"},"img":{"alt_text":"","src":"","width":0,"height":0},"classes":[]},{"id":8987,"url":"https:\/\/fundacoesufpel.com.br\/fdms\/2025\/01\/13\/__trashed\/","url_meta":{"origin":10820,"position":5},"title":"EDITAL N\u00ba 03 DE 13 DE JANEIRO DE 2025- FECHADO","author":"Isadora Martins","date":"13\/01\/2025","format":false,"excerpt":"PROCESSO SELETIVO SIMPLIFICADO PARA CONTRATA\u00c7\u00c3O DEBOLSISTA DE PESQUISA - GRADUA\u00c7\u00c3OACORDO DE PARCERIA PARA PESQUISA, DESENVOLVIMENTO E INOVA\u00c7\u00c3O INOVAAGROUFPEL - KHRIN O Diretor Presidente da Funda\u00e7\u00e3o Delfim Mendes Silveira, Prof. C\u00e9sar Dalmolin Bergoli, no uso desuas atribui\u00e7\u00f5es estatut\u00e1rias, torna p\u00fablica a abertura de inscri\u00e7\u00f5es para o Processo SeletivoSimplificado para contrata\u00e7\u00e3o de\u2026","rel":"","context":"Em &quot;Not\u00edcias&quot;","block_context":{"text":"Not\u00edcias","link":"https:\/\/fundacoesufpel.com.br\/fdms\/category\/noticias\/"},"img":{"alt_text":"","src":"","width":0,"height":0},"classes":[]}],"jetpack_shortlink":"https:\/\/wp.me\/pcrDaD-2Ow","_links":{"self":[{"href":"https:\/\/fundacoesufpel.com.br\/fdms\/wp-json\/wp\/v2\/posts\/10820","targetHints":{"allow":["GET"]}}],"collection":[{"href":"https:\/\/fundacoesufpel.com.br\/fdms\/wp-json\/wp\/v2\/posts"}],"about":[{"href":"https:\/\/fundacoesufpel.com.br\/fdms\/wp-json\/wp\/v2\/types\/post"}],"author":[{"embeddable":true,"href":"https:\/\/fundacoesufpel.com.br\/fdms\/wp-json\/wp\/v2\/users\/20"}],"replies":[{"embeddable":true,"href":"https:\/\/fundacoesufpel.com.br\/fdms\/wp-json\/wp\/v2\/comments?post=10820"}],"version-history":[{"count":7,"href":"https:\/\/fundacoesufpel.com.br\/fdms\/wp-json\/wp\/v2\/posts\/10820\/revisions"}],"predecessor-version":[{"id":10911,"href":"https:\/\/fundacoesufpel.com.br\/fdms\/wp-json\/wp\/v2\/posts\/10820\/revisions\/10911"}],"wp:attachment":[{"href":"https:\/\/fundacoesufpel.com.br\/fdms\/wp-json\/wp\/v2\/media?parent=10820"}],"wp:term":[{"taxonomy":"category","embeddable":true,"href":"https:\/\/fundacoesufpel.com.br\/fdms\/wp-json\/wp\/v2\/categories?post=10820"},{"taxonomy":"post_tag","embeddable":true,"href":"https:\/\/fundacoesufpel.com.br\/fdms\/wp-json\/wp\/v2\/tags?post=10820"}],"curies":[{"name":"wp","href":"https:\/\/api.w.org\/{rel}","templated":true}]}}