{"id":10625,"date":"2025-12-10T15:35:20","date_gmt":"2025-12-10T18:35:20","guid":{"rendered":"https:\/\/fundacoesufpel.com.br\/fdms\/?p=10625"},"modified":"2026-01-19T08:40:04","modified_gmt":"2026-01-19T11:40:04","slug":"edital-no-04-de-10de-dezembro-de-2025","status":"publish","type":"post","link":"https:\/\/fundacoesufpel.com.br\/fdms\/2025\/12\/10\/edital-no-04-de-10de-dezembro-de-2025\/","title":{"rendered":"EDITAL N\u00ba 04, DE 10 DE DEZEMBRO DE 2025"},"content":{"rendered":"\n<p class=\"has-text-align-center\">PROCESSO SELETIVO SIMPLIFICADO PARA OS CURSOS DE APERFEI\u00c7OAMENTO: \u201cCAPACITA\u00c7\u00c3O EM ASPECTOS B\u00c1SICOS DE COLETAS DE DADOS PARA INQU\u00c9RITOS EPIDEMIOL\u00d3GICOS VOLTADOS \u00c0 INF\u00c2NCIA &nbsp;I e II &#8211; ACOMPANHAMENTO DOS 11 ANOS COORTE 2015 DE PELOTAS\u201d DO PROJETO SA\u00daDE, NUTRI\u00c7\u00c3O, VIOL\u00caNCIAS E EQUIDADE AO LONGO DO CICLO VITAL: O CONS\u00d3RCIO DE PESQUISA RPS (RIBEIR\u00c3O PRETO \u2013 PELOTAS \u2013 S\u00c3O LUIS) &#8211; SA\u00daDE, NUTRI\u00c7\u00c3O, VIOL\u00caNCIAS E EQUIDADE AO LONGO DO CICLO VITAL: O CONS\u00d3RCIO DE PESQUISA RPS (RIBEIR\u00c3O PRETO \u2013 PELOTAS \u2013 S\u00c3O LUIS). O Coordenador do Projeto \u201cSa\u00fade, nutri\u00e7\u00e3o, viol\u00eancias e equidade ao longo do ciclo vital: o cons\u00f3rcio de pesquisa RPS (Ribeir\u00e3o Preto \u2013 Pelotas \u2013 S\u00e3o Luis)\u201d, Prof. Fernando C\u00e9sar Wehrmeister, no uso de suas atribui\u00e7\u00f5es, torna p\u00fablica a abertura de inscri\u00e7\u00f5es para os CURSOS DE APERFEI\u00c7OAMENTO: CAPACITA\u00c7\u00c3O EM ASPECTOS B\u00c1SICOS DE COLETAS DE DADOS PARA INQU\u00c9RITOS EPIDEMIOL\u00d3GICOS VOLTADOS \u00c0 INF\u00c2NCIA&nbsp; I E II- ACOMPANHAMENTO DOS 11 ANOS COORTE 2015 DE PELOTAS, que ir\u00e1 selecionar 15 participantes para o curso I e 05 participantes para o curso II e conceder\u00e1 bolsa para as classificadas para o curso II, sendo, as restante, suplentes, pelo per\u00edodo de aproximadamente 12 meses, nos termos da Lei 8.958\/1994, Lei 10.973\/2014, Decreto 7.423\/2014, Lei 13.243\/2016 e Resolu\u00e7\u00e3o CONSUN n\u00b0 108\/2023, firmado entre a Universidade Federal de Pelotas \u2013 UFPel e a Funda\u00e7\u00e3o Delfim Mendes Silveira \u2013 FDMS.<\/p>\n\n\n\n<div data-wp-interactive=\"core\/file\" class=\"wp-block-file\"><object data-wp-bind--hidden=\"!state.hasPdfPreview\" hidden class=\"wp-block-file__embed\" data=\"https:\/\/fundacoesufpel.com.br\/fdms\/wp-content\/uploads\/sites\/3\/2025\/12\/Edital-No-04-DE-10-DE-DEZEMBRO-DE-2025_assinado-1.pdf\" type=\"application\/pdf\" style=\"width:100%;height:600px\" aria-label=\"Incorporado de Edital N\u00ba 04 DE 10 DE DEZEMBRO DE 2025_assinado.\"><\/object><a id=\"wp-block-file--media-f54e8419-160f-42d4-8d06-c1804bf1cd94\" href=\"https:\/\/fundacoesufpel.com.br\/fdms\/wp-content\/uploads\/sites\/3\/2025\/12\/Edital-No-04-DE-10-DE-DEZEMBRO-DE-2025_assinado-1.pdf\" target=\"_blank\" rel=\"noreferrer noopener\">Edital N\u00ba 04 DE 10 DE DEZEMBRO DE 2025_assinado<\/a><a href=\"https:\/\/fundacoesufpel.com.br\/fdms\/wp-content\/uploads\/sites\/3\/2025\/12\/Edital-No-04-DE-10-DE-DEZEMBRO-DE-2025_assinado-1.pdf\" class=\"wp-block-file__button wp-element-button\" download aria-describedby=\"wp-block-file--media-f54e8419-160f-42d4-8d06-c1804bf1cd94\">Baixar<\/a><\/div>\n\n\n\n<figure class=\"wp-block-gallery has-nested-images columns-default is-cropped wp-block-gallery-1 is-layout-flex wp-block-gallery-is-layout-flex\">\n<figure class=\"wp-block-image size-large\"><img data-recalc-dims=\"1\" fetchpriority=\"high\" decoding=\"async\" width=\"724\" height=\"1024\" data-id=\"10689\" src=\"https:\/\/i0.wp.com\/fundacoesufpel.com.br\/fdms\/wp-content\/uploads\/sites\/3\/2025\/12\/Edital-04_No04-de-10-de-dezembro-de-2025_assinado-3-pdf.jpg?resize=724%2C1024&#038;ssl=1\" alt=\"\" class=\"wp-image-10689\" \/><\/figure>\n<\/figure>\n\n\n\n<div data-wp-interactive=\"core\/file\" class=\"wp-block-file\"><object data-wp-bind--hidden=\"!state.hasPdfPreview\" hidden class=\"wp-block-file__embed\" data=\"https:\/\/fundacoesufpel.com.br\/fdms\/wp-content\/uploads\/sites\/3\/2025\/12\/Edital-No04-de-10-de-dezembro-de-2025_apos-interposicao_assinado.pdf\" type=\"application\/pdf\" style=\"width:100%;height:600px\" aria-label=\"Incorporado de Edital N\u00ba04 de 10 de dezembro de 2025_apos interposi\u00e7\u00e3o_assinado.\"><\/object><a id=\"wp-block-file--media-97397623-4874-4321-a70c-06dadd716b62\" href=\"https:\/\/fundacoesufpel.com.br\/fdms\/wp-content\/uploads\/sites\/3\/2025\/12\/Edital-No04-de-10-de-dezembro-de-2025_apos-interposicao_assinado.pdf\">Edital N\u00ba04 de 10 de dezembro de 2025_apos interposi\u00e7\u00e3o_assinado<\/a><a href=\"https:\/\/fundacoesufpel.com.br\/fdms\/wp-content\/uploads\/sites\/3\/2025\/12\/Edital-No04-de-10-de-dezembro-de-2025_apos-interposicao_assinado.pdf\" class=\"wp-block-file__button wp-element-button\" download aria-describedby=\"wp-block-file--media-97397623-4874-4321-a70c-06dadd716b62\">Baixar<\/a><\/div>\n\n\n\n<div data-wp-interactive=\"core\/file\" class=\"wp-block-file\"><object data-wp-bind--hidden=\"!state.hasPdfPreview\" hidden class=\"wp-block-file__embed\" data=\"https:\/\/fundacoesufpel.com.br\/fdms\/wp-content\/uploads\/sites\/3\/2025\/12\/RESILTADO-DO-EDITAL-No04.pdf\" type=\"application\/pdf\" style=\"width:100%;height:600px\" aria-label=\"Incorporado de RESILTADO DO EDITAL N\u00ba04.\"><\/object><a id=\"wp-block-file--media-7a0b0772-78b1-4578-9d1a-b45a8be5cea5\" href=\"https:\/\/fundacoesufpel.com.br\/fdms\/wp-content\/uploads\/sites\/3\/2025\/12\/RESILTADO-DO-EDITAL-No04.pdf\">RESILTADO DO EDITAL N\u00ba04<\/a><a href=\"https:\/\/fundacoesufpel.com.br\/fdms\/wp-content\/uploads\/sites\/3\/2025\/12\/RESILTADO-DO-EDITAL-No04.pdf\" class=\"wp-block-file__button wp-element-button\" download aria-describedby=\"wp-block-file--media-7a0b0772-78b1-4578-9d1a-b45a8be5cea5\">Baixar<\/a><\/div>\n\n\n\n<div data-wp-interactive=\"core\/file\" class=\"wp-block-file\"><object data-wp-bind--hidden=\"!state.hasPdfPreview\" hidden class=\"wp-block-file__embed\" data=\"https:\/\/fundacoesufpel.com.br\/fdms\/wp-content\/uploads\/sites\/3\/2025\/12\/Apos-interposicao_Resultado_final_edital_04_assinado.pdf\" type=\"application\/pdf\" style=\"width:100%;height:600px\" aria-label=\"Incorporado de Apos interposi\u00e7\u00e3o_Resultado_final_edital_04_assinado.\"><\/object><a id=\"wp-block-file--media-b8099249-28d2-4dee-8a49-37190d5e354e\" href=\"https:\/\/fundacoesufpel.com.br\/fdms\/wp-content\/uploads\/sites\/3\/2025\/12\/Apos-interposicao_Resultado_final_edital_04_assinado.pdf\">Apos interposi\u00e7\u00e3o_Resultado_final_edital_04_assinado<\/a><a href=\"https:\/\/fundacoesufpel.com.br\/fdms\/wp-content\/uploads\/sites\/3\/2025\/12\/Apos-interposicao_Resultado_final_edital_04_assinado.pdf\" class=\"wp-block-file__button wp-element-button\" download aria-describedby=\"wp-block-file--media-b8099249-28d2-4dee-8a49-37190d5e354e\">Baixar<\/a><\/div>\n","protected":false},"excerpt":{"rendered":"<p>PROCESSO SELETIVO SIMPLIFICADO PARA OS CURSOS DE APERFEI\u00c7OAMENTO: \u201cCAPACITA\u00c7\u00c3O EM ASPECTOS B\u00c1SICOS DE COLETAS DE DADOS PARA INQU\u00c9RITOS EPIDEMIOL\u00d3GICOS VOLTADOS [&hellip;]<\/p>\n","protected":false},"author":5,"featured_media":0,"comment_status":"closed","ping_status":"closed","sticky":false,"template":"","format":"standard","meta":{"jetpack_post_was_ever_published":false,"_jetpack_newsletter_access":"","_jetpack_dont_email_post_to_subs":false,"_jetpack_newsletter_tier_id":0,"_jetpack_memberships_contains_paywalled_content":false,"_jetpack_memberships_contains_paid_content":false,"footnotes":""},"categories":[68,11],"tags":[],"class_list":["post-10625","post","type-post","status-publish","format-standard","hentry","category-noticias-destacadas","category-processos-seletivos"],"jetpack_featured_media_url":"","jetpack_sharing_enabled":true,"jetpack_likes_enabled":true,"jetpack-related-posts":[{"id":10106,"url":"https:\/\/fundacoesufpel.com.br\/fdms\/2025\/10\/06\/edital-no-1o-de-06-de-outubro-de-2025-aberto\/","url_meta":{"origin":10625,"position":0},"title":"EDITAL N\u00ba 1\u00ba, DE 06 DE OUTUBRO DE 2025- FECHADO","author":"Isadora Martins","date":"06\/10\/2025","format":false,"excerpt":"PROCESSO SELETIVO SIMPLIFICADO PARA OS CURSOS DE APERFEI\u00c7OAMENTO:\u201cCAPACITA\u00c7\u00c3O EM INQU\u00c9RITOS EPIDEMIOL\u00d3GICOS VOLTADOS \u00c0 INF\u00c2NCIA A I EII\u201d DO PROJETO SA\u00daDE, NUTRI\u00c7\u00c3O, VIOL\u00caNCIAS E EQUIDADE AO LONGO DO CICLOVITAL: O CONS\u00d3RCIO DE PESQUISA RPS (RIBEIR\u00c3O PRETO \u2013 PELOTAS \u2013 S\u00c3O LUIS) -SA\u00daDE, NUTRI\u00c7\u00c3O, VIOL\u00caNCIAS E EQUIDADE AO LONGO DO CICLO VITAL:\u2026","rel":"","context":"Em &quot;Not\u00edcias Destacadas&quot;","block_context":{"text":"Not\u00edcias Destacadas","link":"https:\/\/fundacoesufpel.com.br\/fdms\/category\/noticias-destacadas\/"},"img":{"alt_text":"","src":"","width":0,"height":0},"classes":[]},{"id":10294,"url":"https:\/\/fundacoesufpel.com.br\/fdms\/2025\/10\/23\/edital-no-03-de-23-de-outubro-de-2025-aberto\/","url_meta":{"origin":10625,"position":1},"title":"EDITAL N\u00ba 03, DE 23 DE OUTUBRO DE 2025- FECHADO","author":"Isadora Martins","date":"23\/10\/2025","format":false,"excerpt":"PROCESSO SELETIVO SIMPLIFICADO PARA OS CURSOS DE APERFEI\u00c7OAMENTO:\u201cCAPACITA\u00c7\u00c3O EM PLANEJAMENTO E EXECU\u00c7\u00c3O DO ACOMPANHAMENTO DO PERINATAL DACOORTE DE 2026 DE PELOTAS I E II\u201d DO PROJETO SA\u00daDE, NUTRI\u00c7\u00c3O, VIOL\u00caNCIAS E EQUIDADE AO LONGO DO CICLO VITAL: O CONS\u00d3RCIO DEPESQUISA RPS (RIBEIR\u00c3O PRETO \u2013 PELOTAS \u2013 S\u00c3O LUIS) - SA\u00daDE, NUTRI\u00c7\u00c3O,\u2026","rel":"","context":"Em &quot;Not\u00edcias Destacadas&quot;","block_context":{"text":"Not\u00edcias Destacadas","link":"https:\/\/fundacoesufpel.com.br\/fdms\/category\/noticias-destacadas\/"},"img":{"alt_text":"","src":"","width":0,"height":0},"classes":[]},{"id":10987,"url":"https:\/\/fundacoesufpel.com.br\/fdms\/2026\/03\/23\/edital-no-01-de-23-de-marco-de-2026-aberto\/","url_meta":{"origin":10625,"position":2},"title":"EDITAL N\u00ba 01 DE 23 DE MAR\u00c7O DE 2026- FECHADO","author":"Isadora Martins","date":"23\/03\/2026","format":false,"excerpt":"PROCESSO SELETIVO SIMPLIFICADO PARA OS CURSOS DEAPERFEI\u00c7OAMENTO: \u201cCAPACITA\u00c7\u00c3O EM ASPECTOS B\u00c1SICOS DE COLETAS DE DADOS PARAINQU\u00c9RITOS EPIDEMIOL\u00d3GICOS VOLTADOS \u00c0 INF\u00c2NCIAIe II -ACOMPANHAMENTO DOS 11 ANOS COORTE 2015 DE PELOTAS\u201d DO PROJETOSA\u00daDE, NUTRI\u00c7\u00c3O, VIOL\u00caNCIAS E EQUIDADE AO LONGO DO CICLO VITAL: OCONS\u00d3RCIO DE PESQUISA RPS (RIBEIR\u00c3O PRETO \u2013 PELOTAS \u2013 S\u00c3O\u2026","rel":"","context":"Em &quot;Not\u00edcias&quot;","block_context":{"text":"Not\u00edcias","link":"https:\/\/fundacoesufpel.com.br\/fdms\/category\/noticias\/"},"img":{"alt_text":"","src":"","width":0,"height":0},"classes":[]},{"id":11048,"url":"https:\/\/fundacoesufpel.com.br\/fdms\/2026\/04\/09\/edital-no-02-de-09-de-abril-de-2026-aberto\/","url_meta":{"origin":10625,"position":3},"title":"EDITAL N\u00ba 02, DE 09 DE ABRIL DE 2026 &#8211; FECHADO","author":"Daiane Lima","date":"09\/04\/2026","format":false,"excerpt":"PROCESSO SELETIVO SIMPLIFICADO PARA OS CURSOS DE APERFEI\u00c7OAMENTO: \u201cCAPACITA\u00c7\u00c3O EM PLANEJAMENTO E EXECU\u00c7\u00c3O DO ACOMPANHAMENTO DO PERINATAL DA COORTE DE 2026 DE PELOTAS I E II\u201d DO PROJETO SA\u00daDE, NUTRI\u00c7\u00c3O, VIOL\u00caNCIAS E EQUIDADE AO LONGO DO CICLO VITAL: O CONS\u00d3RCIO DE PESQUISA RPS (RIBEIR\u00c3O PRETO \u2013 PELOTAS \u2013 S\u00c3O LUIS)\u2026","rel":"","context":"Em &quot;Sem categoria&quot;","block_context":{"text":"Sem categoria","link":"https:\/\/fundacoesufpel.com.br\/fdms\/category\/sem-categoria\/"},"img":{"alt_text":"","src":"","width":0,"height":0},"classes":[]},{"id":6437,"url":"https:\/\/fundacoesufpel.com.br\/fdms\/2022\/09\/05\/edital-no-09-de-05-de-setembro-de-2022-aberto\/","url_meta":{"origin":10625,"position":4},"title":"EDITAL N\u00ba 09, DE 05 DE SETEMBRO DE 2022 &#8211; ANULADO","author":"","date":"05\/09\/2022","format":false,"excerpt":"PROCESSO SELETIVO SIMPLIFICADO PARA CADASTRO DE RESERVA DOS CURSOS DE APERFEI\u00c7OAMENTO: \u201cCAPACITA\u00c7\u00c3O EM INQU\u00c9RITOS EPIDEMIOL\u00d3GICOS VOLTADOS \u00c0 IDADE ADULTA I\u201d E \u201cCAPACITA\u00c7\u00c3O EM INQU\u00c9RITOS EPIDEMIOL\u00d3GICOS VOLTADOS \u00c0 IDADE ADULTA II\u201d, DO PROJETO COORTES DE NASCIMENTOS DE RIBEIR\u00c3O PRETO (SP), PELOTAS (RS) E S\u00c3O LU\u00cdS (MA): DETERMINANTES PRECOCES DO PROCESSO SA\u00daDE\u2026","rel":"","context":"Em &quot;Comunicados&quot;","block_context":{"text":"Comunicados","link":"https:\/\/fundacoesufpel.com.br\/fdms\/category\/comunicados\/"},"img":{"alt_text":"","src":"","width":0,"height":0},"classes":[]},{"id":6886,"url":"https:\/\/fundacoesufpel.com.br\/fdms\/2023\/01\/06\/edital-no-01-de-06-de-janeiro-de-2023\/","url_meta":{"origin":10625,"position":5},"title":"EDITAL N\u00ba 01 DE 06 DE JANEIRO DE 2023 &#8211; ABERTO","author":"","date":"06\/01\/2023","format":false,"excerpt":"PROCESSO SELETIVO SIMPLIFICADO PARA CADASTRO DE RESERVA DOS CURSOS DE APERFEI\u00c7OAMENTO: \u201cCAPACITA\u00c7\u00c3O EM INQU\u00c9RITOS EPIDEMIOL\u00d3GICOS VOLTADOS \u00c0 IDADE ADULTA I\u201d E \u201cCAPACITA\u00c7\u00c3O EM INQU\u00c9RITOS EPIDEMIOL\u00d3GICOS VOLTADOS \u00c0 IDADE ADULTA II\u201d, DO PROJETO COORTES DE NASCIMENTOS DE RIBEIR\u00c3O PRETO (SP), PELOTAS (RS) E S\u00c3O LU\u00cdS (MA): DETERMINANTES PRECOCES DO PROCESSO SA\u00daDE\u2026","rel":"","context":"Em &quot;Comunicados&quot;","block_context":{"text":"Comunicados","link":"https:\/\/fundacoesufpel.com.br\/fdms\/category\/comunicados\/"},"img":{"alt_text":"","src":"","width":0,"height":0},"classes":[]}],"jetpack_shortlink":"https:\/\/wp.me\/pcrDaD-2Ln","_links":{"self":[{"href":"https:\/\/fundacoesufpel.com.br\/fdms\/wp-json\/wp\/v2\/posts\/10625","targetHints":{"allow":["GET"]}}],"collection":[{"href":"https:\/\/fundacoesufpel.com.br\/fdms\/wp-json\/wp\/v2\/posts"}],"about":[{"href":"https:\/\/fundacoesufpel.com.br\/fdms\/wp-json\/wp\/v2\/types\/post"}],"author":[{"embeddable":true,"href":"https:\/\/fundacoesufpel.com.br\/fdms\/wp-json\/wp\/v2\/users\/5"}],"replies":[{"embeddable":true,"href":"https:\/\/fundacoesufpel.com.br\/fdms\/wp-json\/wp\/v2\/comments?post=10625"}],"version-history":[{"count":6,"href":"https:\/\/fundacoesufpel.com.br\/fdms\/wp-json\/wp\/v2\/posts\/10625\/revisions"}],"predecessor-version":[{"id":10739,"href":"https:\/\/fundacoesufpel.com.br\/fdms\/wp-json\/wp\/v2\/posts\/10625\/revisions\/10739"}],"wp:attachment":[{"href":"https:\/\/fundacoesufpel.com.br\/fdms\/wp-json\/wp\/v2\/media?parent=10625"}],"wp:term":[{"taxonomy":"category","embeddable":true,"href":"https:\/\/fundacoesufpel.com.br\/fdms\/wp-json\/wp\/v2\/categories?post=10625"},{"taxonomy":"post_tag","embeddable":true,"href":"https:\/\/fundacoesufpel.com.br\/fdms\/wp-json\/wp\/v2\/tags?post=10625"}],"curies":[{"name":"wp","href":"https:\/\/api.w.org\/{rel}","templated":true}]}}