{"id":3015,"date":"2021-06-01T18:21:43","date_gmt":"2021-06-01T18:21:43","guid":{"rendered":"https:\/\/fundacoesufpel.com.br\/fau\/?p=3015"},"modified":"2021-06-01T18:22:51","modified_gmt":"2021-06-01T18:22:51","slug":"fundacoes-de-apoio-a-ufpel-decretam-ponto-facultativo-no-dia-04-de-junho-de-2021","status":"publish","type":"post","link":"https:\/\/fundacoesufpel.com.br\/fau\/2021\/06\/01\/fundacoes-de-apoio-a-ufpel-decretam-ponto-facultativo-no-dia-04-de-junho-de-2021\/","title":{"rendered":"Funda\u00e7\u00f5es de Apoio \u00e0 UFPel decretam ponto facultativo no dia 04 de junho de 2021."},"content":{"rendered":"\n<p class=\"has-medium-font-size\">                Conforme Decreto Municipal 6.413 de&nbsp;28 de maio&nbsp;de 2021, que determina o fechamento de todas as atividades no \u00e2mbito do munic\u00edpio de Pelotas a partir das 22 horas do dia&nbsp;02\/06\/2021&nbsp;at\u00e9 \u00e0s 06 horas do dia&nbsp;07\/06\/2021, as&nbsp;<strong>Funda\u00e7\u00f5es de Apoio \u00e0 UFPel decretam ponto facultativo no dia&nbsp;04\/06\/2021-&nbsp;sexta-feira.<\/strong><\/p>\n\n\n\n<p class=\"has-medium-font-size\"><strong><em>Qualquer urg\u00eancia ligar para&nbsp;<a href=\"callto:(53) 9.991194-16\">(53) 99911-9416&nbsp;<\/a>\u2013 Leila Soares \u2013 Gerente Executiva<\/em><\/strong>.<\/p>\n","protected":false},"excerpt":{"rendered":"<p>Conforme Decreto Municipal 6.413 de&nbsp;28 de maio&nbsp;de 2021, que determina o fechamento de todas as atividades no \u00e2mbito do munic\u00edpio [&hellip;]<\/p>\n","protected":false},"author":1,"featured_media":3017,"comment_status":"closed","ping_status":"open","sticky":false,"template":"","format":"standard","meta":{"jetpack_post_was_ever_published":false,"_jetpack_newsletter_access":"","_jetpack_dont_email_post_to_subs":false,"_jetpack_newsletter_tier_id":0,"_jetpack_memberships_contains_paywalled_content":false,"_jetpack_memberships_contains_paid_content":false,"footnotes":""},"categories":[80],"tags":[],"class_list":["post-3015","post","type-post","status-publish","format-standard","has-post-thumbnail","hentry","category-noticias"],"jetpack_featured_media_url":"https:\/\/i0.wp.com\/fundacoesufpel.com.br\/fau\/wp-content\/uploads\/sites\/2\/2021\/06\/Comunidaco-Ponto-Facultativo.jpeg?fit=288%2C192&ssl=1","jetpack_sharing_enabled":true,"jetpack_likes_enabled":true,"jetpack-related-posts":[],"jetpack_shortlink":"https:\/\/wp.me\/pcrxge-MD","_links":{"self":[{"href":"https:\/\/fundacoesufpel.com.br\/fau\/wp-json\/wp\/v2\/posts\/3015","targetHints":{"allow":["GET"]}}],"collection":[{"href":"https:\/\/fundacoesufpel.com.br\/fau\/wp-json\/wp\/v2\/posts"}],"about":[{"href":"https:\/\/fundacoesufpel.com.br\/fau\/wp-json\/wp\/v2\/types\/post"}],"author":[{"embeddable":true,"href":"https:\/\/fundacoesufpel.com.br\/fau\/wp-json\/wp\/v2\/users\/1"}],"replies":[{"embeddable":true,"href":"https:\/\/fundacoesufpel.com.br\/fau\/wp-json\/wp\/v2\/comments?post=3015"}],"version-history":[{"count":2,"href":"https:\/\/fundacoesufpel.com.br\/fau\/wp-json\/wp\/v2\/posts\/3015\/revisions"}],"predecessor-version":[{"id":3018,"href":"https:\/\/fundacoesufpel.com.br\/fau\/wp-json\/wp\/v2\/posts\/3015\/revisions\/3018"}],"wp:featuredmedia":[{"embeddable":true,"href":"https:\/\/fundacoesufpel.com.br\/fau\/wp-json\/wp\/v2\/media\/3017"}],"wp:attachment":[{"href":"https:\/\/fundacoesufpel.com.br\/fau\/wp-json\/wp\/v2\/media?parent=3015"}],"wp:term":[{"taxonomy":"category","embeddable":true,"href":"https:\/\/fundacoesufpel.com.br\/fau\/wp-json\/wp\/v2\/categories?post=3015"},{"taxonomy":"post_tag","embeddable":true,"href":"https:\/\/fundacoesufpel.com.br\/fau\/wp-json\/wp\/v2\/tags?post=3015"}],"curies":[{"name":"wp","href":"https:\/\/api.w.org\/{rel}","templated":true}]}}