{"id":2756,"date":"2021-01-06T16:29:00","date_gmt":"2021-01-06T16:29:00","guid":{"rendered":"https:\/\/fundacoesufpel.com.br\/fau\/?p=2756"},"modified":"2021-01-06T19:27:53","modified_gmt":"2021-01-06T19:27:53","slug":"recredenciamento-fau","status":"publish","type":"post","link":"https:\/\/fundacoesufpel.com.br\/fau\/2021\/01\/06\/recredenciamento-fau\/","title":{"rendered":"Recredenciamento da Funda\u00e7\u00e3o de Apoio Universit\u00e1rio-FAU"},"content":{"rendered":"\n<p style=\"font-size:18px\">Minist\u00e9rio da Educa\u00e7\u00e3o-MEC autoriza o recredenciamento da Funda\u00e7\u00e3o de Apoio Universit\u00e1rio-FAU para continuar atuando como Funda\u00e7\u00e3o de Apoio \u00e0 UFPel pelo per\u00edodo de 05 (cinco) anos, conforme publica\u00e7\u00e3o da Portaria Conjunta n\u00b0 186, de 4 de janeiro de 2021.<\/p>\n\n\n\n<p class=\"has-text-align-center\" style=\"font-size:22px\"><a rel=\"noreferrer noopener\" href=\"https:\/\/www.in.gov.br\/en\/web\/dou\/-\/portaria-conjunta-n-186-de-4-de-janeiro-de-2021-297765191\" data-type=\"URL\" data-id=\"https:\/\/www.in.gov.br\/en\/web\/dou\/-\/portaria-conjunta-n-186-de-4-de-janeiro-de-2021-297765191\" target=\"_blank\"><span style=\"text-decoration: underline;\">Acesso a Portaria<\/span><\/a><\/p>\n\n\n\n<p style=\"font-size:18px\">As funda\u00e7\u00f5es que apoiam as Universidades Federais (UF), as Institui\u00e7\u00f5es da Rede Federal de Educa\u00e7\u00e3o Profissional, Cient\u00edfica e Tecnol\u00f3gica e as Institui\u00e7\u00f5es Cient\u00edficas e Tecnol\u00f3gicas (ICTs) est\u00e3o sujeitas ao pr\u00e9vio credenciamento por ato conjunto dos Minist\u00e9rios da Educa\u00e7\u00e3o (MEC) e da Ci\u00eancia, Tecnologia, Inova\u00e7\u00f5es e Comunica\u00e7\u00f5es (MCTIC), nos termos do art. 2\u00ba, III, da Lei n\u00ba 8.958\/1994.<\/p>\n","protected":false},"excerpt":{"rendered":"<p>Minist\u00e9rio da Educa\u00e7\u00e3o-MEC autoriza o recredenciamento da Funda\u00e7\u00e3o de Apoio Universit\u00e1rio-FAU para continuar atuando como Funda\u00e7\u00e3o de Apoio \u00e0 UFPel [&hellip;]<\/p>\n","protected":false},"author":1,"featured_media":2802,"comment_status":"closed","ping_status":"open","sticky":false,"template":"","format":"standard","meta":{"jetpack_post_was_ever_published":false,"_jetpack_newsletter_access":"","_jetpack_dont_email_post_to_subs":false,"_jetpack_newsletter_tier_id":0,"_jetpack_memberships_contains_paywalled_content":false,"_jetpack_memberships_contains_paid_content":false,"footnotes":""},"categories":[80],"tags":[],"class_list":["post-2756","post","type-post","status-publish","format-standard","has-post-thumbnail","hentry","category-noticias"],"jetpack_featured_media_url":"https:\/\/i0.wp.com\/fundacoesufpel.com.br\/fau\/wp-content\/uploads\/sites\/2\/2020\/12\/fau-5-anos.png?fit=288%2C192&ssl=1","jetpack_sharing_enabled":true,"jetpack_likes_enabled":true,"jetpack-related-posts":[],"jetpack_shortlink":"https:\/\/wp.me\/pcrxge-Is","_links":{"self":[{"href":"https:\/\/fundacoesufpel.com.br\/fau\/wp-json\/wp\/v2\/posts\/2756","targetHints":{"allow":["GET"]}}],"collection":[{"href":"https:\/\/fundacoesufpel.com.br\/fau\/wp-json\/wp\/v2\/posts"}],"about":[{"href":"https:\/\/fundacoesufpel.com.br\/fau\/wp-json\/wp\/v2\/types\/post"}],"author":[{"embeddable":true,"href":"https:\/\/fundacoesufpel.com.br\/fau\/wp-json\/wp\/v2\/users\/1"}],"replies":[{"embeddable":true,"href":"https:\/\/fundacoesufpel.com.br\/fau\/wp-json\/wp\/v2\/comments?post=2756"}],"version-history":[{"count":2,"href":"https:\/\/fundacoesufpel.com.br\/fau\/wp-json\/wp\/v2\/posts\/2756\/revisions"}],"predecessor-version":[{"id":2803,"href":"https:\/\/fundacoesufpel.com.br\/fau\/wp-json\/wp\/v2\/posts\/2756\/revisions\/2803"}],"wp:featuredmedia":[{"embeddable":true,"href":"https:\/\/fundacoesufpel.com.br\/fau\/wp-json\/wp\/v2\/media\/2802"}],"wp:attachment":[{"href":"https:\/\/fundacoesufpel.com.br\/fau\/wp-json\/wp\/v2\/media?parent=2756"}],"wp:term":[{"taxonomy":"category","embeddable":true,"href":"https:\/\/fundacoesufpel.com.br\/fau\/wp-json\/wp\/v2\/categories?post=2756"},{"taxonomy":"post_tag","embeddable":true,"href":"https:\/\/fundacoesufpel.com.br\/fau\/wp-json\/wp\/v2\/tags?post=2756"}],"curies":[{"name":"wp","href":"https:\/\/api.w.org\/{rel}","templated":true}]}}