{"id":1565,"date":"2020-09-16T12:12:27","date_gmt":"2020-09-16T15:12:27","guid":{"rendered":"http:\/\/15.228.36.87\/fau\/?p=1565"},"modified":"2020-09-16T12:12:27","modified_gmt":"2020-09-16T15:12:27","slug":"registro-de-preco-teste-06-2018-projetos-restaurante-escola","status":"publish","type":"post","link":"https:\/\/fundacoesufpel.com.br\/fau\/2020\/09\/16\/registro-de-preco-teste-06-2018-projetos-restaurante-escola\/","title":{"rendered":"Registro de Pre\u00e7o teste 06\/2018 \u2013 Projetos\/Restaurante Escola"},"content":{"rendered":"<div class=\"sdm_download_item_top\"><\/div>\n<div>\n<div class=\"sdm_download_item_top\">\n<div class=\"sdm_download_title\">Torna-se p\u00fablico, para conhecimento dos interessados, que o Diretor-Presidente, Marco Aur\u00e9lio Romeu Fernandes, da Funda\u00e7\u00e3o de Apoio Universit\u00e1rio \u2013 FAU, inscrita no CNPJ sob o n\u00ba 89.876.114\/0001-03, pessoa jur\u00eddica de direito privado, sem fins lucrativos, com sede na Rua Lobo da Costa, n\u00ba 447, Centro, CEP: 96.010-150, Pelotas\/RS, realizar\u00e1 licita\u00e7\u00e3o para <strong>REGISTRO DE PRE\u00c7OS<\/strong>, na modalidade\u00a0<strong>PREG\u00c3O<\/strong>, na forma\u00a0<strong>ELETR\u00d4NICA<\/strong>,\u00a0<strong>do tipo menor pre\u00e7o\u00a0<\/strong><strong>por ITEM\/LOTE<\/strong>, nos termos da Lei n\u00ba 10.520, de 17 de julho de 2002, do Decreto n\u00ba 5.450, de 31 de maio de 2005, da Lei Complementar n\u00b0 123, de 14 de dezembro de 2006, da Lei n\u00ba 11.488, de 15 de julho de 2007, do Decreto n\u00ba 7.892, de 23 de janeiro de 2013, do Decreto n\u00b0 8.538, de 06 de outubro de 2015, aplicando-se, subsidiariamente, a Lei n\u00ba 8.666, de 21 de junho de 1993, e as exig\u00eancias estabelecidas neste Edital.<\/div>\n<\/div>\n<div class=\"sdm_download_description\">\n<div class=\"sdm_download_description\">\n<p><strong>OBJETO:<\/strong>\u00a0REGISTRO DE PRE\u00c7OS PARA FUTURA E EVENTUAL AQUISI\u00c7\u00c3O DE G\u00caNEROS ALIMENT\u00cdCIOS PARA ATENDER AOS PROJETOS DA FUNDA\u00c7\u00c3O DE APOIO UNIVERSIT\u00c1RIO DA UNIVERSIDADE FEDERAL DE PELOTAS \u2013 UFPEL, COM AS ESPECIFICA\u00c7\u00d5ES DESCRITAS NO ANEXO I \u2013 TERMO DE REFER\u00caNCIA.<\/p>\n<p><a href=\"http:\/\/www2.fundacoesufpel.com.br\/fau\/?attachment_id=1918\" target=\"_blank\" rel=\"noopener noreferrer\">Aviso de Licita\u00e7\u00e3o 006 2018<\/a><\/p>\n<p><a href=\"http:\/\/www2.fundacoesufpel.com.br\/fau\/?attachment_id=1916\" target=\"_blank\" rel=\"noopener noreferrer\">Edital de Licita\u00e7\u00e3o_006_2018<\/a><\/p>\n<\/div>\n<\/div>\n<\/div>\n<div class=\"sdm_download_description\"><\/div>\n","protected":false},"excerpt":{"rendered":"<p>Torna-se p\u00fablico, para conhecimento dos interessados, que o Diretor-Presidente, Marco Aur\u00e9lio Romeu Fernandes, da Funda\u00e7\u00e3o de Apoio Universit\u00e1rio \u2013 FAU, [&hellip;]<\/p>\n","protected":false},"author":1,"featured_media":0,"comment_status":"open","ping_status":"open","sticky":false,"template":"","format":"standard","meta":{"jetpack_post_was_ever_published":false,"_jetpack_newsletter_access":"","_jetpack_dont_email_post_to_subs":false,"_jetpack_newsletter_tier_id":0,"_jetpack_memberships_contains_paywalled_content":false,"_jetpack_memberships_contains_paid_content":false,"footnotes":""},"categories":[2],"tags":[],"class_list":["post-1565","post","type-post","status-publish","format-standard","hentry","category-avisos-processos-selecao-publica-licitatorios"],"jetpack_featured_media_url":"","jetpack_sharing_enabled":true,"jetpack_likes_enabled":true,"jetpack-related-posts":[],"jetpack_shortlink":"https:\/\/wp.me\/pcrxge-pf","_links":{"self":[{"href":"https:\/\/fundacoesufpel.com.br\/fau\/wp-json\/wp\/v2\/posts\/1565","targetHints":{"allow":["GET"]}}],"collection":[{"href":"https:\/\/fundacoesufpel.com.br\/fau\/wp-json\/wp\/v2\/posts"}],"about":[{"href":"https:\/\/fundacoesufpel.com.br\/fau\/wp-json\/wp\/v2\/types\/post"}],"author":[{"embeddable":true,"href":"https:\/\/fundacoesufpel.com.br\/fau\/wp-json\/wp\/v2\/users\/1"}],"replies":[{"embeddable":true,"href":"https:\/\/fundacoesufpel.com.br\/fau\/wp-json\/wp\/v2\/comments?post=1565"}],"version-history":[{"count":0,"href":"https:\/\/fundacoesufpel.com.br\/fau\/wp-json\/wp\/v2\/posts\/1565\/revisions"}],"wp:attachment":[{"href":"https:\/\/fundacoesufpel.com.br\/fau\/wp-json\/wp\/v2\/media?parent=1565"}],"wp:term":[{"taxonomy":"category","embeddable":true,"href":"https:\/\/fundacoesufpel.com.br\/fau\/wp-json\/wp\/v2\/categories?post=1565"},{"taxonomy":"post_tag","embeddable":true,"href":"https:\/\/fundacoesufpel.com.br\/fau\/wp-json\/wp\/v2\/tags?post=1565"}],"curies":[{"name":"wp","href":"https:\/\/api.w.org\/{rel}","templated":true}]}}